{"id":18831,"date":"2014-02-03T00:00:00","date_gmt":"2014-02-03T02:00:00","guid":{"rendered":"https:\/\/www.cnbb.org.br\/igreja-no-brasil-contribui-com-formacao-de-docentes-em-guine-bissau\/"},"modified":"2020-03-11T21:37:10","modified_gmt":"2020-03-12T00:37:10","slug":"igreja-no-brasil-contribui-com-formacao-de-docentes-em-guine-bissau","status":"publish","type":"post","link":"https:\/\/www.cnbb.org.br\/igreja-no-brasil-contribui-com-formacao-de-docentes-em-guine-bissau\/","title":{"rendered":"Igreja no Brasil contribui com forma\u00e7\u00e3o de docentes em Guin\u00e9 Bissau"},"content":{"rendered":"<p style=\"text-align: justify\">A Comiss\u00e3o Episcopal Pastoral para a A\u00e7\u00e3o Mission\u00e1ria e Coopera\u00e7\u00e3o Intereclesial da CNBB enviou uma equipe \u00e0 diocese de Bafat\u00e1, em Guin\u00e9 Bissau, para forma\u00e7\u00e3o de professores das escolas da miss\u00e3o cat\u00f3lica. A pedido do bispo local, dom Pedro Zilli, e da mission\u00e1ria brasileira, irm\u00e3 Ana L\u00facia dos Santos, o grupo ministrar\u00e1, at\u00e9 o dia 09 de fevereiro, o curso de forma\u00e7\u00e3o humana com objetivo de capacitar os educadores para um saud\u00e1vel relacionamento entre aluno e docente, por meio de t\u00e9cnicas psicopedag\u00f3gicas.<\/p>\n<p>  <!--more-->  <\/p>\n<p><span style=\"text-align: justify\">A equipe \u00e9 formada por quatro membros: a assessora da Comiss\u00e3o Episcopal Pastoral para a A\u00e7\u00e3o Mission\u00e1ria, irm\u00e3 Dirce Gomes da Silva; a religiosa do Instituto das Irm\u00e3s de Instru\u00e7\u00e3o Crist\u00e3 de Maring\u00e1-PR, irm\u00e3 Cleonice; a assistente social M\u00e1rcia Muniz, de Remanso-BA, e o assessor da Comiss\u00e3o Episcopa lPastoral para o Servi\u00e7o da Caridade, da Justi\u00e7a e da Paz, padre Nelito Dornelas.<\/span><\/p>\n<p>Segundo irm\u00e3 Ana L\u00facia, a e educa\u00e7\u00e3o \u00e9 um dos grandes desafios que o povo de Guin\u00e9 Bissau enfrenta em meio \u00e0 instabilidade social, pol\u00edtica e econ\u00f4mica do pa\u00eds. \u201cEssa forma\u00e7\u00e3o vai despertar no professor o gosto para o ensino em sala de aula, contribuindo <span style=\"text-align: justify\">para autoestima, autoconhecimento e orienta\u00e7\u00e3o para uma pedagogia do afeto<\/span>\u201d, comenta.<\/p>\n<p style=\"text-align: justify\">Para o padre Nelito Dornelas, colaborar com a forma\u00e7\u00e3o de professores que se dedicam com grande amor \u00e0 causa ficando at\u00e9 oito meses sem receber sal\u00e1rio dos \u00f3rg\u00e3os p\u00fablicos e, mesmo assim, manter a serenidade e o compromisso com a educa\u00e7\u00e3o \u201c\u00e9 um grande aprendizado e uma oportunidade para ajud\u00e1-los numa nova consci\u00eancia de classe e transforma\u00e7\u00e3o social\u201d. O bispo de Bafat\u00e1, dom Pedro Zilli, considera a miss\u00e3o \u201cuma valiosa ajuda \u00e0 obra mission\u00e1ria que est\u00e1 sempre incompleta e, portanto, necessita de novas contribui\u00e7\u00f5es\u201d.<\/p>\n<p style=\"text-align: justify\">Dos professores locais, os mission\u00e1rios j\u00e1 recebem os agradecimentos. O docente Idrissa Djedjo agradeceu aos formadores \u201cpor terem disponibilizado os seus meios econ\u00f4micos e pessoais que permitem a materializa\u00e7\u00e3o desta forma\u00e7\u00e3o\u201d.<\/p>\n<p style=\"text-align: justify\">A forma\u00e7\u00e3o acontece nas regi\u00f5es de Bafat\u00e1, Quinara e Tombalim, para um total de 181 professores.<\/p>\n<div style=\"text-align: justify\">\u00a0<\/div>\n<div style=\"text-align: justify\">\u00a0<\/div>\n","protected":false},"excerpt":{"rendered":"<p>A Comiss\u00e3o Episcopal Pastoral para a A\u00e7\u00e3o Mission\u00e1ria e Coopera\u00e7\u00e3o Intereclesial da CNBB enviou uma equipe \u00e0 diocese de Bafat\u00e1, em Guin\u00e9 Bissau, para forma\u00e7\u00e3o de professores das escolas da miss\u00e3o cat\u00f3lica. A pedido do bispo local, dom Pedro Zilli, e da mission\u00e1ria brasileira, irm\u00e3 Ana L\u00facia dos Santos, o grupo ministrar\u00e1, at\u00e9 o dia &hellip;<\/p>\n<p class=\"read-more\"> <a class=\"\" href=\"https:\/\/www.cnbb.org.br\/igreja-no-brasil-contribui-com-formacao-de-docentes-em-guine-bissau\/\"> <span class=\"screen-reader-text\">Igreja no Brasil contribui com forma\u00e7\u00e3o de docentes em Guin\u00e9 Bissau<\/span> Leia mais &raquo;<\/a><\/p>\n","protected":false},"author":83,"featured_media":18832,"comment_status":"open","ping_status":"open","sticky":false,"template":"","format":"standard","meta":{"site-sidebar-layout":"default","site-content-layout":"default","ast-global-header-display":"","ast-banner-title-visibility":"","ast-main-header-display":"","ast-hfb-above-header-display":"","ast-hfb-below-header-display":"","ast-hfb-mobile-header-display":"","site-post-title":"","ast-breadcrumbs-content":"","ast-featured-img":"","footer-sml-layout":"","theme-transparent-header-meta":"","adv-header-id-meta":"","stick-header-meta":"","header-above-stick-meta":"","header-main-stick-meta":"","header-below-stick-meta":""},"categories":[784],"tags":[],"acf":[],"_links":{"self":[{"href":"https:\/\/www.cnbb.org.br\/cnbb-app\/wp\/v2\/posts\/18831"}],"collection":[{"href":"https:\/\/www.cnbb.org.br\/cnbb-app\/wp\/v2\/posts"}],"about":[{"href":"https:\/\/www.cnbb.org.br\/cnbb-app\/wp\/v2\/types\/post"}],"author":[{"embeddable":true,"href":"https:\/\/www.cnbb.org.br\/cnbb-app\/wp\/v2\/users\/83"}],"replies":[{"embeddable":true,"href":"https:\/\/www.cnbb.org.br\/cnbb-app\/wp\/v2\/comments?post=18831"}],"version-history":[{"count":0,"href":"https:\/\/www.cnbb.org.br\/cnbb-app\/wp\/v2\/posts\/18831\/revisions"}],"wp:featuredmedia":[{"embeddable":true,"href":"https:\/\/www.cnbb.org.br\/cnbb-app\/wp\/v2\/media\/18832"}],"wp:attachment":[{"href":"https:\/\/www.cnbb.org.br\/cnbb-app\/wp\/v2\/media?parent=18831"}],"wp:term":[{"taxonomy":"category","embeddable":true,"href":"https:\/\/www.cnbb.org.br\/cnbb-app\/wp\/v2\/categories?post=18831"},{"taxonomy":"post_tag","embeddable":true,"href":"https:\/\/www.cnbb.org.br\/cnbb-app\/wp\/v2\/tags?post=18831"}],"curies":[{"name":"wp","href":"https:\/\/api.w.org\/{rel}","templated":true}]}}