{"id":18834,"date":"2014-02-18T00:00:00","date_gmt":"2014-02-18T03:00:00","guid":{"rendered":"https:\/\/www.cnbb.org.br\/timor-leste-recebe-contribuicao-para-a-formacao-de-presbiteros\/"},"modified":"2020-03-11T21:37:10","modified_gmt":"2020-03-12T00:37:10","slug":"timor-leste-recebe-contribuicao-para-a-formacao-de-presbiteros","status":"publish","type":"post","link":"https:\/\/www.cnbb.org.br\/timor-leste-recebe-contribuicao-para-a-formacao-de-presbiteros\/","title":{"rendered":"Timor Leste recebe contribui\u00e7\u00e3o para a forma\u00e7\u00e3o de presb\u00edteros"},"content":{"rendered":"<p style=\"text-align: justify\">A Confer\u00eancia Nacional dos Bispos do Brasil (CNBB), por meio da Comiss\u00e3o Episcopal Pastoral para a A\u00e7\u00e3o Mission\u00e1ria, \u00a0e a Pontif\u00edcia Universidade Cat\u00f3lica do Paran\u00e1 (PUC-PR) enviaram, em miss\u00e3o a Timor Leste, o professor M\u00e1rio Ant\u00f4nio Sanches.<\/p>\n<p style=\"text-align: justify\">No <span>\u00a0curso de Filosofia do Instituto Superior de Filosofia e Teologia Dom Jaime Garcia Goulart, na capital D\u00edli, M\u00e1rio lecionar\u00e1 as disciplinas de\u00a0<\/span>Bio\u00e9tica e Antropologia.\u00a0<span>As aulas ser\u00e3o ministradas nos meses de fevereiro e mar\u00e7o.<\/span>\u00a0<\/p>\n<p>  <!--more-->  <\/p>\n<p style=\"text-align: justify\"><span style=\"line-height: 1.3em\">Trata-se do Projeto de Solidariedade entre as Igrejas do Brasil e do Timor Leste, que surgiu ainda em 2012, ap\u00f3s o 10\u00ba Encontro da Confer\u00eancia dos Bispos de Pa\u00edses Lus\u00f3fonos.\u00a0<\/span><span style=\"line-height: 1.3em\">O objetivo \u00e9 cooperar com as Igrejas locais do Timor Leste, no que diz respeito \u00e0 forma\u00e7\u00e3o dos seminaristas nas \u00e1reas de Filosofia, Teologia e L\u00edngua Portuguesa.<\/span><\/p>\n<p style=\"text-align: justify\"><span style=\"line-height: 1.3em\">\u00a0<\/span><\/p>\n","protected":false},"excerpt":{"rendered":"<p>A Confer\u00eancia Nacional dos Bispos do Brasil (CNBB), por meio da Comiss\u00e3o Episcopal Pastoral para a A\u00e7\u00e3o Mission\u00e1ria, \u00a0e a Pontif\u00edcia Universidade Cat\u00f3lica do Paran\u00e1 (PUC-PR) enviaram, em miss\u00e3o a Timor Leste, o professor M\u00e1rio Ant\u00f4nio Sanches. No \u00a0curso de Filosofia do Instituto Superior de Filosofia e Teologia Dom Jaime Garcia Goulart, na capital D\u00edli, &hellip;<\/p>\n<p class=\"read-more\"> <a class=\"\" href=\"https:\/\/www.cnbb.org.br\/timor-leste-recebe-contribuicao-para-a-formacao-de-presbiteros\/\"> <span class=\"screen-reader-text\">Timor Leste recebe contribui\u00e7\u00e3o para a forma\u00e7\u00e3o de presb\u00edteros<\/span> Leia mais &raquo;<\/a><\/p>\n","protected":false},"author":83,"featured_media":18835,"comment_status":"open","ping_status":"open","sticky":false,"template":"","format":"standard","meta":{"site-sidebar-layout":"default","site-content-layout":"default","ast-global-header-display":"","ast-banner-title-visibility":"","ast-main-header-display":"","ast-hfb-above-header-display":"","ast-hfb-below-header-display":"","ast-hfb-mobile-header-display":"","site-post-title":"","ast-breadcrumbs-content":"","ast-featured-img":"","footer-sml-layout":"","theme-transparent-header-meta":"","adv-header-id-meta":"","stick-header-meta":"","header-above-stick-meta":"","header-main-stick-meta":"","header-below-stick-meta":""},"categories":[784],"tags":[],"acf":[],"_links":{"self":[{"href":"https:\/\/www.cnbb.org.br\/cnbb-app\/wp\/v2\/posts\/18834"}],"collection":[{"href":"https:\/\/www.cnbb.org.br\/cnbb-app\/wp\/v2\/posts"}],"about":[{"href":"https:\/\/www.cnbb.org.br\/cnbb-app\/wp\/v2\/types\/post"}],"author":[{"embeddable":true,"href":"https:\/\/www.cnbb.org.br\/cnbb-app\/wp\/v2\/users\/83"}],"replies":[{"embeddable":true,"href":"https:\/\/www.cnbb.org.br\/cnbb-app\/wp\/v2\/comments?post=18834"}],"version-history":[{"count":0,"href":"https:\/\/www.cnbb.org.br\/cnbb-app\/wp\/v2\/posts\/18834\/revisions"}],"wp:featuredmedia":[{"embeddable":true,"href":"https:\/\/www.cnbb.org.br\/cnbb-app\/wp\/v2\/media\/18835"}],"wp:attachment":[{"href":"https:\/\/www.cnbb.org.br\/cnbb-app\/wp\/v2\/media?parent=18834"}],"wp:term":[{"taxonomy":"category","embeddable":true,"href":"https:\/\/www.cnbb.org.br\/cnbb-app\/wp\/v2\/categories?post=18834"},{"taxonomy":"post_tag","embeddable":true,"href":"https:\/\/www.cnbb.org.br\/cnbb-app\/wp\/v2\/tags?post=18834"}],"curies":[{"name":"wp","href":"https:\/\/api.w.org\/{rel}","templated":true}]}}