{"id":18836,"date":"2014-05-26T00:00:00","date_gmt":"2014-05-26T03:00:00","guid":{"rendered":"https:\/\/www.cnbb.org.br\/peregrinacao-do-papa-francisco-a-terra-santa-e-marcada-por-acordos-de-paz-e-dialogo\/"},"modified":"2020-03-11T21:37:10","modified_gmt":"2020-03-12T00:37:10","slug":"peregrinacao-do-papa-francisco-a-terra-santa-e-marcada-por-acordos-de-paz-e-dialogo","status":"publish","type":"post","link":"https:\/\/www.cnbb.org.br\/peregrinacao-do-papa-francisco-a-terra-santa-e-marcada-por-acordos-de-paz-e-dialogo\/","title":{"rendered":"Peregrina\u00e7\u00e3o do papa \u00e0 Terra Santa \u00e9 marcada por acordos de paz e di\u00e1logo"},"content":{"rendered":"<p style=\"text-align: justify\"><span style=\"line-height: 1.3em\">A peregrina\u00e7\u00e3o ecum\u00eanica do papa Francisco \u00e0 Terra Santa teve in\u00edcio na sexta-feira, 24, com visita ao Santo Sepulcro e Muro das Lamenta\u00e7\u00f5es onde Francisco rezou pela paz no mundo, meditando a ora\u00e7\u00e3o do Pai-Nosso.<\/span><\/p>\n<p><!--more--><\/p>\n<p style=\"text-align: justify\"><span style=\"line-height: 1.3em\">No domingo, 25, o papa chegou a Jerusal\u00e9m para celebrar o 50\u00ba anivers\u00e1rio do encontro de Paulo VI e Anten\u00e1goras, marco hist\u00f3rico do di\u00e1logo ecum\u00eanico da Igreja. Na chegada, foi recebido pelo patriarca greco-ortodoxo Bartolomeu de Constantinopla e pelos chefes das igrejas em Jerusal\u00e9m.<\/span><\/p>\n<p style=\"text-align: justify\">A agenda encerra hoje, 26, marcando o terceiro dia da peregrina\u00e7\u00e3o, com visita ao gr\u00e3o-mufti de Jerusal\u00e9m, a dois gr\u00e3o-rabinos de Israel no centro Heichal Shlomo e ao presidente de Israel Shimon Peres.<\/p>\n<p style=\"text-align: justify\">No per\u00edodo da tarde, o papa se reunir\u00e1 com o patriarca Bartolomeu I, no edif\u00edcio diante da igreja ortodoxa no Horto das Oliveiras. O roteiro da visita \u00e0 Terra Santa encerra com missa na Sala do Cen\u00e1culo, em seguida, o papa retornar\u00e1 a Roma.<\/p>\n<p style=\"text-align: justify\">Ao todo, o papa teve 14 interven\u00e7\u00f5es, entre homilias e discursos, e a assinatura de uma declara\u00e7\u00e3o conjunta com o patriarca da Igreja Ortodoxa de Constantinopla.<\/p>\n<p style=\"text-align: justify\"><img decoding=\"async\" loading=\"lazy\" class=\" alignright size-full wp-image-22404\" style=\"float: right\" src=\"https:\/\/www.cnbb.org.br\/wp-content\/uploads\/2020\/03\/visita1.jpg\" width=\"386\" height=\"257\" border=\"0\" \/><strong>Pela paz<\/strong><\/p>\n<p style=\"text-align: justify\">A Jord\u00e2nia foi a primeira etapa da peregrina\u00e7\u00e3o, que teve como tema \u00a0\u201cQue todos sejam um\u201d. Em Am\u00e3, o papa reuniu-se com o rei Abdullah e Rania. Ap\u00f3s encontro, seguiu de helic\u00f3ptero para Bel\u00e9m onde discursou para autoridades locais, comunidades palestinas da Cisjord\u00e2nia e da Faixa de Gaza. Francisco expressou solidariedade aos povos que sofrem por consequ\u00eancia dos conflitos e convocou para a paz.<\/p>\n<p style=\"text-align: justify\">\u201cChegou a hora de se demonstrar coragem, generosidade e criatividade, em prol do bem comum; a coragem de se construir a paz, alicer\u00e7ada no reconhecimento, por parte de todos, do direito da coexist\u00eancia de dois Estados, que gozem da paz e da seguran\u00e7a, entre os confins internacionalmente reconhecidos\u201d.<\/p>\n<p style=\"text-align: justify\">Na ocasi\u00e3o, o papa falou ao presidente do Estado da Palestina, Mahmoud Abba, a quem chamou de \u201chomem da paz\u201d, desejando que a alian\u00e7a entre os crist\u00e3os seja permanente.<\/p>\n<p style=\"text-align: justify\"><strong>Declara\u00e7\u00e3o Comum <\/strong><br \/>\nEm encontro na Bas\u00edlica do Santo Sepulcro, em Jerusal\u00e9m, o papa Francisco e o patriarca Bartolomeu assinaram declara\u00e7\u00e3o comum, pedindo progresso na aproxima\u00e7\u00e3o entre as igrejas cat\u00f3lica e ortodoxa, quase dez s\u00e9culos depois. Ajoelhados na entrada da bas\u00edlica, onde, de acordo com a tradi\u00e7\u00e3o crist\u00e3, Jesus foi crucificado e ressuscitou, os l\u00edderes selaram a unidade.<\/p>\n<p style=\"text-align: justify\"><img decoding=\"async\" loading=\"lazy\" class=\" alignleft size-full wp-image-22405\" style=\"float: left\" src=\"https:\/\/www.cnbb.org.br\/wp-content\/uploads\/2020\/03\/visita2.jpg\" width=\"214\" height=\"145\" border=\"0\" \/>Francisco e Bartolomeu se comprometeram a respeitar &#8220;as leg\u00edtimas diferen\u00e7as, pelo bem de toda a humanidade\u201d e em trabalhar para que &#8220;todas as partes, independentemente de suas convic\u00e7\u00f5es religiosas, favore\u00e7am a reconcilia\u00e7\u00e3o dos povos&#8221;.<\/p>\n<p style=\"text-align: justify\">\u201cDesejo renovar o desejo, expresso pelos meus predecessores, de manter di\u00e1logo com todos os irm\u00e3os em Cristo, para encontrar uma forma de exercer o minist\u00e9rio pr\u00f3prio do Bispo de Roma que, em conformidade com a sua miss\u00e3o, possa se abrir a uma nova situa\u00e7\u00e3o e ser, no contexto atual, um servi\u00e7o de amor e de comunh\u00e3o reconhecido por todos\u201d, disse Francisco na assinatura da Declara\u00e7\u00e3o.<\/p>\n<p style=\"text-align: justify\">Confira a \u00edntegra da <a href=\"http:\/\/www.news.va\/pt\/news\/papa-francisco-e-patriarca-bartolomeu-assinam-de-2\" target=\"_blank\" rel=\"noopener noreferrer\">Declara\u00e7\u00e3o Comum<\/a>.<\/p>\n<p>&nbsp;<\/p>\n<p>&nbsp;<\/p>\n","protected":false},"excerpt":{"rendered":"<p>A peregrina\u00e7\u00e3o ecum\u00eanica do papa Francisco \u00e0 Terra Santa teve in\u00edcio na sexta-feira, 24, com visita ao Santo Sepulcro e Muro das Lamenta\u00e7\u00f5es onde Francisco rezou pela paz no mundo, meditando a ora\u00e7\u00e3o do Pai-Nosso.<\/p>\n","protected":false},"author":83,"featured_media":18837,"comment_status":"open","ping_status":"open","sticky":false,"template":"","format":"standard","meta":{"site-sidebar-layout":"default","site-content-layout":"default","ast-global-header-display":"","ast-banner-title-visibility":"","ast-main-header-display":"","ast-hfb-above-header-display":"","ast-hfb-below-header-display":"","ast-hfb-mobile-header-display":"","site-post-title":"","ast-breadcrumbs-content":"","ast-featured-img":"","footer-sml-layout":"","theme-transparent-header-meta":"","adv-header-id-meta":"","stick-header-meta":"","header-above-stick-meta":"","header-main-stick-meta":"","header-below-stick-meta":""},"categories":[784],"tags":[],"acf":[],"_links":{"self":[{"href":"https:\/\/www.cnbb.org.br\/cnbb-app\/wp\/v2\/posts\/18836"}],"collection":[{"href":"https:\/\/www.cnbb.org.br\/cnbb-app\/wp\/v2\/posts"}],"about":[{"href":"https:\/\/www.cnbb.org.br\/cnbb-app\/wp\/v2\/types\/post"}],"author":[{"embeddable":true,"href":"https:\/\/www.cnbb.org.br\/cnbb-app\/wp\/v2\/users\/83"}],"replies":[{"embeddable":true,"href":"https:\/\/www.cnbb.org.br\/cnbb-app\/wp\/v2\/comments?post=18836"}],"version-history":[{"count":0,"href":"https:\/\/www.cnbb.org.br\/cnbb-app\/wp\/v2\/posts\/18836\/revisions"}],"wp:featuredmedia":[{"embeddable":true,"href":"https:\/\/www.cnbb.org.br\/cnbb-app\/wp\/v2\/media\/18837"}],"wp:attachment":[{"href":"https:\/\/www.cnbb.org.br\/cnbb-app\/wp\/v2\/media?parent=18836"}],"wp:term":[{"taxonomy":"category","embeddable":true,"href":"https:\/\/www.cnbb.org.br\/cnbb-app\/wp\/v2\/categories?post=18836"},{"taxonomy":"post_tag","embeddable":true,"href":"https:\/\/www.cnbb.org.br\/cnbb-app\/wp\/v2\/tags?post=18836"}],"curies":[{"name":"wp","href":"https:\/\/api.w.org\/{rel}","templated":true}]}}