{"id":18839,"date":"2014-05-29T00:00:00","date_gmt":"2014-05-29T03:00:00","guid":{"rendered":"https:\/\/www.cnbb.org.br\/nomeado-novo-reitor-para-o-colegio-pio-brasileiro-em-roma\/"},"modified":"2020-03-11T21:37:09","modified_gmt":"2020-03-12T00:37:09","slug":"nomeado-novo-reitor-para-o-colegio-pio-brasileiro-em-roma","status":"publish","type":"post","link":"https:\/\/www.cnbb.org.br\/nomeado-novo-reitor-para-o-colegio-pio-brasileiro-em-roma\/","title":{"rendered":"Nomeado novo reitor para o Col\u00e9gio Pio Brasileiro"},"content":{"rendered":"<p style=\"text-align: justify\"><span style=\"line-height: 1.3em\">O presidente da Confer\u00eancia Nacional dos Bispos do Brasil (CNBB), cardeal Raymundo Damasceno Assis, comunica que foi escolhido o novo reitor do Col\u00e9gio Pio Brasileiro em Roma (It\u00e1lia), conforme an\u00fancio do prefeito da Congrega\u00e7\u00e3o para o Clero, cardeal <\/span>Beniamino<span style=\"line-height: 1.3em\">\u00a0Stella. O nomeado \u00e9 o presb\u00edtero da arquidiocese de Uberaba (MG), padre Geraldo dos Reis Maia.<\/span><\/p>\n<p>  <!--more-->  <\/p>\n<p style=\"text-align: justify\"><span style=\"line-height: 1.3em\">Em 3 de abril, o Col\u00e9gio Pio Brasileiro comemorou 80 anos de funda\u00e7\u00e3o. Durante esses anos, a institui\u00e7\u00e3o foi administrada pela Companhia de Jesus. A CNBB assume a diretoria e a gest\u00e3o do Col\u00e9gio que tem como proposta a forma\u00e7\u00e3o acad\u00eamica e pastoral de sacerdotes diocesanos do Brasil.<\/span><\/p>\n<p style=\"text-align: justify\">O novo reitor, padre Geraldo, 50, \u00e9 natural de\u00a0<span style=\"line-height: 1.3em\">Babil\u00f4nia, munic\u00edpio de Delfin\u00f3polis (MG). R<\/span><span style=\"line-height: 1.3em\">ecebeu a ordena\u00e7\u00e3o sacerdotal em 1988. Atualmente ocupa a fun\u00e7\u00e3o de reitor do Semin\u00e1rio de Teologia S\u00e3o Jos\u00e9 da arquidiocese de Uberaba.\u00a0<\/span><span style=\"line-height: 1.3em\">J\u00e1 exerceu a mesma atividade entre 2007 e 2008. Possui doutorado em Teologia pela Pontif\u00edcia Universidade Gregoriana.<\/span><\/p>\n<p style=\"text-align: justify\">Na dimens\u00e3o pastoral, o sacerdote tamb\u00e9m atuou como p\u00e1roco na mesma diocese nas par\u00f3quias Imaculada Concei\u00e7\u00e3o (Concei\u00e7\u00e3o das Alagoas), S\u00e3o Sebasti\u00e3o (Pedrin\u00f3polis) e Santa Teresinha, entre outras. No per\u00edodo de 2005 a 2007, exerceu a capelania e reitoria do Santu\u00e1rio da Medalha Milagrosa. Dedica-se a atividades de forma\u00e7\u00e3o, conselhos e assessorias.\u00a0<\/p>\n<p style=\"text-align: justify\"><strong>Hist\u00f3ria da Institui\u00e7\u00e3o<\/strong><\/p>\n<p style=\"text-align: justify\">O Col\u00e9gio Pio Brasileiro nasceu a partir do Pontif\u00edcio Col\u00e9gio Pio Latino-americano, uma institui\u00e7\u00e3o eclesi\u00e1stica, criada em 1858 para a forma\u00e7\u00e3o do clero da Am\u00e9rica Latina, em Roma. Com o crescimento do n\u00famero de alunos do Pio Latino, houve desmembramento da institui\u00e7\u00e3o, atendendo ao anseio de bispos brasileiros de ter um col\u00e9gio eclesi\u00e1stico pr\u00f3prio, na cidade romana. Na \u00e9poca, o papa Pio XI e as lideran\u00e7as da Companhia de Jesus apoiaram a ideia.<\/p>\n<p style=\"text-align: justify\"><span style=\"line-height: 1.3em\">Ap\u00f3s campanha nacional para arrecadar recursos para a obra do col\u00e9gio, em 1927, a constru\u00e7\u00e3o iniciou dois anos depois. Em 3 de abril de 1934 o Col\u00e9gio Pio Brasileiro foi inaugurado. A primeira turma teve 34 alunos, entre padres e seminaristas. Ap\u00f3s 80 anos de exist\u00eancia, mais de 2 mil estudantes j\u00e1 passaram pelo Col\u00e9gio Pio Brasileiro, dentre eles, 145 tornaram-se bispos e seis foram criados cardeais.<\/span><\/p>\n<p style=\"text-align: justify\"><span style=\"line-height: 1.3em\">Com importante trajet\u00f3ria acad\u00eamica, o Col\u00e9gio investe na forma\u00e7\u00e3o dos presb\u00edteros que, conclu\u00eddo os seus estudos, retornam ao Brasil, e dedicam-se ao trabalho pastoral, nos semin\u00e1rios como professores e formadores, e em outras \u00e1reas: na pastoral paroquial, assessorias, pesquisa e no trabalho mission\u00e1rio.<\/span><\/p>\n<p style=\"text-align: justify\"><em>CNBB com informa\u00e7\u00f5es da arquidiocese de Uberaba\/Col\u00e9gio Pio Brasileiro.\u00a0<\/em><\/p>\n","protected":false},"excerpt":{"rendered":"<p>O presidente da Confer\u00eancia Nacional dos Bispos do Brasil (CNBB), cardeal Raymundo Damasceno Assis, comunica que foi escolhido o novo reitor do Col\u00e9gio Pio Brasileiro em Roma (It\u00e1lia), conforme an\u00fancio do prefeito da Congrega\u00e7\u00e3o para o Clero, cardeal Beniamino\u00a0Stella. O nomeado \u00e9 o presb\u00edtero da arquidiocese de Uberaba (MG), padre Geraldo dos Reis Maia.<\/p>\n","protected":false},"author":83,"featured_media":18840,"comment_status":"open","ping_status":"open","sticky":false,"template":"","format":"standard","meta":{"site-sidebar-layout":"default","site-content-layout":"default","ast-global-header-display":"","ast-banner-title-visibility":"","ast-main-header-display":"","ast-hfb-above-header-display":"","ast-hfb-below-header-display":"","ast-hfb-mobile-header-display":"","site-post-title":"","ast-breadcrumbs-content":"","ast-featured-img":"","footer-sml-layout":"","theme-transparent-header-meta":"","adv-header-id-meta":"","stick-header-meta":"","header-above-stick-meta":"","header-main-stick-meta":"","header-below-stick-meta":""},"categories":[784],"tags":[],"acf":[],"_links":{"self":[{"href":"https:\/\/www.cnbb.org.br\/cnbb-app\/wp\/v2\/posts\/18839"}],"collection":[{"href":"https:\/\/www.cnbb.org.br\/cnbb-app\/wp\/v2\/posts"}],"about":[{"href":"https:\/\/www.cnbb.org.br\/cnbb-app\/wp\/v2\/types\/post"}],"author":[{"embeddable":true,"href":"https:\/\/www.cnbb.org.br\/cnbb-app\/wp\/v2\/users\/83"}],"replies":[{"embeddable":true,"href":"https:\/\/www.cnbb.org.br\/cnbb-app\/wp\/v2\/comments?post=18839"}],"version-history":[{"count":0,"href":"https:\/\/www.cnbb.org.br\/cnbb-app\/wp\/v2\/posts\/18839\/revisions"}],"wp:featuredmedia":[{"embeddable":true,"href":"https:\/\/www.cnbb.org.br\/cnbb-app\/wp\/v2\/media\/18840"}],"wp:attachment":[{"href":"https:\/\/www.cnbb.org.br\/cnbb-app\/wp\/v2\/media?parent=18839"}],"wp:term":[{"taxonomy":"category","embeddable":true,"href":"https:\/\/www.cnbb.org.br\/cnbb-app\/wp\/v2\/categories?post=18839"},{"taxonomy":"post_tag","embeddable":true,"href":"https:\/\/www.cnbb.org.br\/cnbb-app\/wp\/v2\/tags?post=18839"}],"curies":[{"name":"wp","href":"https:\/\/api.w.org\/{rel}","templated":true}]}}