{"id":18847,"date":"2014-09-04T00:00:00","date_gmt":"2014-09-04T03:00:00","guid":{"rendered":"https:\/\/www.cnbb.org.br\/presidente-da-cnbb-fara-entronizacao-da-imagem-de-aparecida-em-miami\/"},"modified":"2020-03-11T21:37:08","modified_gmt":"2020-03-12T00:37:08","slug":"presidente-da-cnbb-fara-entronizacao-da-imagem-de-aparecida-em-miami","status":"publish","type":"post","link":"https:\/\/www.cnbb.org.br\/presidente-da-cnbb-fara-entronizacao-da-imagem-de-aparecida-em-miami\/","title":{"rendered":"Presidente da CNBB far\u00e1 entroniza\u00e7\u00e3o da imagem de Aparecida na igreja de St. Patrick, em Miami"},"content":{"rendered":"<p style=\"text-align: justify\" align=\"center\"><span style=\"line-height: 1.3em\">O arcebispo de Aparecida (SP) e presidente da CNBB, cardeal Raymundo Damasceno Assis, far\u00e1 a entroniza\u00e7\u00e3o da imagem fac-s\u00edmile de Nossa Senhora Aparecida na igreja de St. Patrick, em Miami, nos Estados Unidos.<\/span><\/p>\n<p><!--more--><\/p>\n<p style=\"text-align: justify\" align=\"center\"><span style=\"line-height: 1.3em\">A missa de entroniza\u00e7\u00e3o ser\u00e1 celebrada neste s\u00e1bado, 6 de setembro, \u00e0s 11h (hor\u00e1rio local), com participa\u00e7\u00e3o da comunidade local, bispos e padres. A imagem foi doada pelo Santu\u00e1rio Nacional de Nossa Senhora Aparecida (SP) a pedido da arquidiocese de Miami.<\/span><\/p>\n<p style=\"text-align: justify\"><strong style=\"line-height: 1.3em\">Devo\u00e7\u00e3o<\/strong><\/p>\n<p style=\"text-align: justify\">Fundada em 1926, a igreja de St. Patrick acolhe cerca de 2 mil fam\u00edlias, de v\u00e1rias classes sociais e diferentes pa\u00edses. A par\u00f3quia tamb\u00e9m sedia a St. Patrick Catholic School, uma escola prim\u00e1ria e m\u00e9dia, com 250 alunos e uma pr\u00e9-escola com cerca de 150 crian\u00e7as matriculadas. O p\u00e1roco atual \u00e9 padre Roberto M. Cid, nomeado em 2012.<\/p>\n<h5 style=\"text-align: justify\"><strong><em>Com informa\u00e7\u00f5es da arquidiocese de Aparecida.\u00a0<\/em><\/strong><\/h5>\n","protected":false},"excerpt":{"rendered":"<p>O arcebispo de Aparecida (SP) e presidente da CNBB, cardeal Raymundo Damasceno Assis, far\u00e1 a entroniza\u00e7\u00e3o da imagem fac-s\u00edmile de Nossa Senhora Aparecida na igreja de St. Patrick, em Miami, nos Estados Unidos.<\/p>\n","protected":false},"author":83,"featured_media":18848,"comment_status":"open","ping_status":"open","sticky":false,"template":"","format":"standard","meta":{"site-sidebar-layout":"default","site-content-layout":"default","ast-global-header-display":"","ast-banner-title-visibility":"","ast-main-header-display":"","ast-hfb-above-header-display":"","ast-hfb-below-header-display":"","ast-hfb-mobile-header-display":"","site-post-title":"","ast-breadcrumbs-content":"","ast-featured-img":"","footer-sml-layout":"","theme-transparent-header-meta":"","adv-header-id-meta":"","stick-header-meta":"","header-above-stick-meta":"","header-main-stick-meta":"","header-below-stick-meta":""},"categories":[784],"tags":[],"acf":[],"_links":{"self":[{"href":"https:\/\/www.cnbb.org.br\/cnbb-app\/wp\/v2\/posts\/18847"}],"collection":[{"href":"https:\/\/www.cnbb.org.br\/cnbb-app\/wp\/v2\/posts"}],"about":[{"href":"https:\/\/www.cnbb.org.br\/cnbb-app\/wp\/v2\/types\/post"}],"author":[{"embeddable":true,"href":"https:\/\/www.cnbb.org.br\/cnbb-app\/wp\/v2\/users\/83"}],"replies":[{"embeddable":true,"href":"https:\/\/www.cnbb.org.br\/cnbb-app\/wp\/v2\/comments?post=18847"}],"version-history":[{"count":0,"href":"https:\/\/www.cnbb.org.br\/cnbb-app\/wp\/v2\/posts\/18847\/revisions"}],"wp:featuredmedia":[{"embeddable":true,"href":"https:\/\/www.cnbb.org.br\/cnbb-app\/wp\/v2\/media\/18848"}],"wp:attachment":[{"href":"https:\/\/www.cnbb.org.br\/cnbb-app\/wp\/v2\/media?parent=18847"}],"wp:term":[{"taxonomy":"category","embeddable":true,"href":"https:\/\/www.cnbb.org.br\/cnbb-app\/wp\/v2\/categories?post=18847"},{"taxonomy":"post_tag","embeddable":true,"href":"https:\/\/www.cnbb.org.br\/cnbb-app\/wp\/v2\/tags?post=18847"}],"curies":[{"name":"wp","href":"https:\/\/api.w.org\/{rel}","templated":true}]}}