{"id":18869,"date":"2015-05-14T00:00:00","date_gmt":"2015-05-14T03:00:00","guid":{"rendered":"https:\/\/www.cnbb.org.br\/dom-jose-belisario-e-eleito-segundo-vice-presidente-do-celam\/"},"modified":"2020-03-11T21:37:06","modified_gmt":"2020-03-12T00:37:06","slug":"dom-jose-belisario-e-eleito-segundo-vice-presidente-do-celam","status":"publish","type":"post","link":"https:\/\/www.cnbb.org.br\/dom-jose-belisario-e-eleito-segundo-vice-presidente-do-celam\/","title":{"rendered":"Dom Jos\u00e9 Belis\u00e1rio \u00e9 eleito segundo vice-presidente do Celam"},"content":{"rendered":"<p style=\"text-align: justify\">\n<p style=\"text-align: justify\"><span style=\"font-size: 12.1599998474121px;line-height: 1.3em\">A nova presid\u00eancia do Conselho Episcopal Latino-Americano (Celam) foi eleita na tarde de ontem, 13, durante a 35\u00aa Assembleia Geral da entidade, que acontece em Santo Domingo, capital da Rep\u00fablica Dominicana. O arcebispo de S\u00e3o Lu\u00eds (MA), dom Jos\u00e9 Belis\u00e1rio da Silva, foi eleito segundo vice-presidente do Celam. Dom Belis\u00e1rio ocupou a vice-presid\u00eancia da Confer\u00eancia Nacional dos Bispos do Brasil (CNBB) de 2011 at\u00e9 abril deste ano, quando foi eleito delegado da Confer\u00eancia para o Celam. O cargo de segundo vice presidente estava sob responsabilidade do arcebispo de Campo Grande (MS), dom Dimas Lara Barbosa.\u00a0<\/span><\/p>\n<p>  <!--more-->  <\/p>\n<p style=\"text-align: justify\">\u00a0<span style=\"font-size: 12.1599998474121px;line-height: 1.3em\">O novo presidente do Celam \u00e9 o arcebispo e Bogot\u00e1 (Col\u00f4mbia), cardeal Rub\u00e9n Salazar G\u00f3mez. O primeiro vice-presidente \u00e9 o bispo de Mercedes (Uruguai), dom Carlos Mar\u00eda Collazzi. Ainda ser\u00e3o confirmados os nomes do secret\u00e1rio geral e do presidente do Comit\u00ea Econ\u00f4mico do Conselho.<\/span><\/p>\n<p style=\"text-align: justify\">A Assembleia tamb\u00e9m escolhe os membros do corpo diretivo do Celam, respons\u00e1veis pelos departamentos da institui\u00e7\u00e3o. Foram eleitos at\u00e9 o momento o presidente do Departamento de Comunh\u00e3o e Di\u00e1logo e do Departamento de Comunica\u00e7\u00e3o e Imprensa, respectivamente, o bispo auxiliar de Valpara\u00edso (Chile), dom Santiago Silva Retamales; e o bispo de Melo (Uruguai), dom Heriberto Bodeant.<\/p>\n<p style=\"text-align: justify\">Ainda ser\u00e3o confirmados os escolhidos para comandar os departamentos de Miss\u00e3o e Espiritualidade; Voca\u00e7\u00f5es e Minist\u00e9rios; Fam\u00edlia; Vida e Juventude; Cultura e Educa\u00e7\u00e3o; e Justi\u00e7a e Solidariedade.<\/p>\n<p style=\"text-align: justify\"><strong>Programa\u00e7\u00e3o da Assembleia<\/strong><\/p>\n<p style=\"text-align: justify\">Na sexta-feira, 15, a Eucaristia com Laudes ser\u00e1 presidida pelo novo presidente do Celam. Ap\u00f3s a missa, haver\u00e1 a apresenta\u00e7\u00e3o do Informe II, sobre a realidade sociopol\u00edtica de alguns pa\u00edses, al\u00e9m de interven\u00e7\u00f5es dos convidados de ag\u00eancias de coopera\u00e7\u00e3o. Na conclus\u00e3o dos trabalhos, ser\u00e1 marcada a pr\u00f3xima Assembleia e realizada uma avalia\u00e7\u00e3o do encontro.<\/p>\n<p style=\"text-align: justify\"><strong>Dom Jos\u00e9 Belis\u00e1rio<\/strong><\/p>\n<p style=\"text-align: justify\">O arcebispo de S\u00e3o Lu\u00eds do Maranh\u00e3o \u00e9 natural de Carm\u00f3polis (MG). Nascido em 4 de agosto de 1945, estudou Filosofia no Convento S\u00e3o Boaventura de Dalton Filho (RS) e na Faculdade de Filosofia, Ci\u00eancias e Letras de Divin\u00f3polis (MG). Cursou Teologia no Instituto Central de Filosofia e Teologia da Universidade Cat\u00f3lica de Cat\u00f3lica de Minas Gerais. Tamb\u00e9m tem forma\u00e7\u00e3o em Espiritualidade Franciscana pela Cefepal de Petr\u00f3polis (RJ).<\/p>\n<p style=\"text-align: justify\">Dom Jos\u00e9 Belis\u00e1rio da Silva foi ordenado padre em dezembro de 1969. Foi nomeado bispo da diocese de Bacabal (MA) em dezembro de 1999. A ordena\u00e7\u00e3o episcopal aconteceu no dia 19 de fevereiro do ano seguinte, em sua cidade natal. O lema escolhido \u00e9 \u201c<em>Invisibilem tamquam videns\u201d <\/em>(Como se visse o Invis\u00edvel). Em 2005, foi nomeado arcebispo de S\u00e3o Lu\u00eds.<\/p>\n<p style=\"text-align: justify\">Durante a 49\u00aa Assembleia Geral da CNBB, em 2011, foi escolhido vice-presidente da entidade, compondo a presid\u00eancia ao lado do arcebispo de Aparecida (SP), cardeal Raymundo Damasceno Assis, eleito presidente na \u00e9poca, e do ent\u00e3o bispo prelado de S\u00e3o F\u00e9lix do Araguaia (MT), dom Leonardo Steiner, eleito secret\u00e1rio geral e posteriormente nomeado bispo auxiliar de Bras\u00edlia (DF).<\/p>\n<p style=\"text-align: justify\"><strong>Novo presidente do Celam<\/strong><\/p>\n<p style=\"text-align: justify\"><img decoding=\"async\" loading=\"lazy\" class=\" alignright size-full wp-image-25848\" src=\"https:\/\/www.cnbb.org.br\/wp-content\/uploads\/2020\/03\/Celam_2015_4_presida.jpg\" border=\"0\" alt=\"\" width=\"62\" height=\"113\" align=\"right\" \/>O cardeal Rub\u00e9n Salazar G\u00f3mez nasceu no dia 22 de setembro de 1942. Foi ordenado sacerdote em maio de 1967. Sua sagra\u00e7\u00e3o como bispo foi em 11 de fevereiro de 1992. Foi proclamado cardeal pelo papa Bento XVI, no dia 24 de novembro de 2012.<\/p>\n<p style=\"text-align: justify\">O arcebispo esteve \u00e0 frente das sedes episcopais de C\u00facuta, Barranquilla e atualmente trabalha em Bogot\u00e1. Cardeal Salazar G\u00f3mez presidiu a Confer\u00eancia Episcopal Colombiana de 2008 a 2011, sendo reeleito para o per\u00edodo seguinte. Ele tamb\u00e9m \u00e9 membro do Pontif\u00edcio Conselho Justi\u00e7a e a Paz e da Comiss\u00e3o para a Am\u00e9rica Latina, ambos do Vaticano.<\/p>\n<p style=\"text-align: justify\"><strong>Dom Carlos Mar\u00eda Collazzi<\/strong><\/p>\n<p style=\"text-align: justify\"><img decoding=\"async\" loading=\"lazy\" class=\" alignright size-full wp-image-25849\" src=\"https:\/\/www.cnbb.org.br\/wp-content\/uploads\/2020\/03\/Celam_2015_4_1vice-presidente-295x300-1.jpg\" border=\"0\" alt=\"\" width=\"103\" height=\"105\" align=\"right\" \/>Nascido na cidade de Ros\u00e1rio, departamento de Colonia (Uruguai), em 1947, foi ordenado sacerdote Salesiano de Dom Bosco, no dia 4 de outubro de 1980. Sua nomea\u00e7\u00e3o episcopal para a diocese de Mercedes ocorreu no dia 14 de fevereiro de 1995. No dia 26 de mar\u00e7o do mesmo ano foi ordenado bispo.\u00a0<\/p>\n<p>\u00a0<\/p>\n<p>\u00a0<\/p>\n<p>\u00a0<\/p>\n<p>\u00a0<\/p>\n","protected":false},"excerpt":{"rendered":"<p>A nova presid\u00eancia do Conselho Episcopal Latino-Americano (Celam) foi eleita na tarde de ontem, 13, durante a 35\u00aa Assembleia Geral da entidade, que acontece em Santo Domingo, capital da Rep\u00fablica Dominicana. O arcebispo de S\u00e3o Lu\u00eds (MA), dom Jos\u00e9 Belis\u00e1rio da Silva, foi eleito segundo vice-presidente do Celam. Dom Belis\u00e1rio ocupou a vice-presid\u00eancia da Confer\u00eancia &hellip;<\/p>\n<p class=\"read-more\"> <a class=\"\" href=\"https:\/\/www.cnbb.org.br\/dom-jose-belisario-e-eleito-segundo-vice-presidente-do-celam\/\"> <span class=\"screen-reader-text\">Dom Jos\u00e9 Belis\u00e1rio \u00e9 eleito segundo vice-presidente do Celam<\/span> Leia mais &raquo;<\/a><\/p>\n","protected":false},"author":83,"featured_media":18870,"comment_status":"open","ping_status":"open","sticky":false,"template":"","format":"standard","meta":{"site-sidebar-layout":"default","site-content-layout":"default","ast-global-header-display":"","ast-banner-title-visibility":"","ast-main-header-display":"","ast-hfb-above-header-display":"","ast-hfb-below-header-display":"","ast-hfb-mobile-header-display":"","site-post-title":"","ast-breadcrumbs-content":"","ast-featured-img":"","footer-sml-layout":"","theme-transparent-header-meta":"","adv-header-id-meta":"","stick-header-meta":"","header-above-stick-meta":"","header-main-stick-meta":"","header-below-stick-meta":""},"categories":[784],"tags":[],"acf":[],"_links":{"self":[{"href":"https:\/\/www.cnbb.org.br\/cnbb-app\/wp\/v2\/posts\/18869"}],"collection":[{"href":"https:\/\/www.cnbb.org.br\/cnbb-app\/wp\/v2\/posts"}],"about":[{"href":"https:\/\/www.cnbb.org.br\/cnbb-app\/wp\/v2\/types\/post"}],"author":[{"embeddable":true,"href":"https:\/\/www.cnbb.org.br\/cnbb-app\/wp\/v2\/users\/83"}],"replies":[{"embeddable":true,"href":"https:\/\/www.cnbb.org.br\/cnbb-app\/wp\/v2\/comments?post=18869"}],"version-history":[{"count":0,"href":"https:\/\/www.cnbb.org.br\/cnbb-app\/wp\/v2\/posts\/18869\/revisions"}],"wp:featuredmedia":[{"embeddable":true,"href":"https:\/\/www.cnbb.org.br\/cnbb-app\/wp\/v2\/media\/18870"}],"wp:attachment":[{"href":"https:\/\/www.cnbb.org.br\/cnbb-app\/wp\/v2\/media?parent=18869"}],"wp:term":[{"taxonomy":"category","embeddable":true,"href":"https:\/\/www.cnbb.org.br\/cnbb-app\/wp\/v2\/categories?post=18869"},{"taxonomy":"post_tag","embeddable":true,"href":"https:\/\/www.cnbb.org.br\/cnbb-app\/wp\/v2\/tags?post=18869"}],"curies":[{"name":"wp","href":"https:\/\/api.w.org\/{rel}","templated":true}]}}