{"id":18874,"date":"2015-05-28T00:00:00","date_gmt":"2015-05-28T03:00:00","guid":{"rendered":"https:\/\/www.cnbb.org.br\/divulgada-programacao-da-viagem-do-papa-a-sarajevo\/"},"modified":"2020-03-11T21:37:05","modified_gmt":"2020-03-12T00:37:05","slug":"divulgada-programacao-da-viagem-do-papa-a-sarajevo","status":"publish","type":"post","link":"https:\/\/www.cnbb.org.br\/divulgada-programacao-da-viagem-do-papa-a-sarajevo\/","title":{"rendered":"Divulgada a programa\u00e7\u00e3o da viagem do papa a Sarajevo"},"content":{"rendered":"<p style=\"text-align: justify\">\u201cA paz esteja convosco\u201d. Este \u00e9 o tema da viagem do papa a Sarajevo, B\u00f3snia Herzegovina, que ser\u00e1 realizada no dia 6 de junho. A programa\u00e7\u00e3o foi divulgada hoje, 28, pelo diretor da Sala de Imprensa da Santa S\u00e9, padre Federico Lombardi.<\/p>\n<p><!--more--><\/p>\n<p style=\"text-align: justify\"><span style=\"font-size: 12.1599998474121px;line-height: 1.3em\">De acordo com informa\u00e7\u00f5es do Vaticano, a B\u00f3snia Herzegovina possui menos de 4 milh\u00f5es de habitantes, sendo que 40% seguem o Isl\u00e3; 31% s\u00e3o crist\u00e3os ortodoxos e 15%, cat\u00f3licos. \u201cOs mu\u00e7ulmanos s\u00e3o a popula\u00e7\u00e3o da B\u00f3snia. Os ortodoxos s\u00e3o, na maior parte, s\u00e9rvios como etnia e os cat\u00f3licos s\u00e3o croatas\u201d, explicou padre Lombardi.<\/span><\/p>\n<p style=\"text-align: justify\">Conforme o diretor da Sala de Imprensa da Santa S\u00e9, a mensagem do papa ter\u00e1 como foco a constru\u00e7\u00e3o da reconcilia\u00e7\u00e3o para o futuro do Pa\u00eds, que sai de anos dram\u00e1ticos de guerra. Para padre Lombardi, a visita do papa \u201clevar\u00e1 sementes para fortalecer o di\u00e1logo inter-religioso\u201d.<\/p>\n<p style=\"text-align: justify\"><strong>Programa\u00e7\u00e3o<\/strong><\/p>\n<p style=\"text-align: justify\">O papa Francisco sair\u00e1 de Roma \u00e0s 7h30. Chegar\u00e1 em Sarajevo \u00e0s 9h. Ser\u00e1 recebido no pal\u00e1cio presidencial \u00a0pela presid\u00eancia e autoridades. Em seguida, Francisco presidir\u00e1 missa no est\u00e1dio por onde passou Jo\u00e3o Paulo II. Almo\u00e7ar\u00e1 na Nunciatura Apost\u00f3lica, onde encontrar\u00e1 os bispos da B\u00f3snia-Herzegovina. No per\u00edodo da tarde, ouvir\u00e1 testemunhos de sacerdotes, religiosos e seminaristas. Padre Lombardi disse acreditar que \u201cser\u00e3o testemunhos fortes, intensos e dram\u00e1ticos pelas hist\u00f3rias que ser\u00e3o contadas\u201d.<\/p>\n<p style=\"text-align: justify\">Antes de retornar a Roma, Francisco participar\u00e1 de um encontro ecum\u00eanico e inter-religioso, no Centro Estudantil Franciscano. No Centro Diocesano Jo\u00e3o Paulo II, ir\u00e1 reunir com jovens. A volta do papa ao Vaticano est\u00e1 prevista para as 20h.<\/p>\n<h5>Com informa\u00e7\u00f5es da R\u00e1dio Vaticano<\/h5>\n","protected":false},"excerpt":{"rendered":"<p>\u201cA paz esteja convosco\u201d. Este \u00e9 o tema da viagem do papa a Sarajevo, B\u00f3snia Herzegovina, que ser\u00e1 realizada no dia 6 de junho. A programa\u00e7\u00e3o foi divulgada hoje, 28, pelo diretor da Sala de Imprensa da Santa S\u00e9, padre Federico Lombardi.<\/p>\n","protected":false},"author":83,"featured_media":18875,"comment_status":"open","ping_status":"open","sticky":false,"template":"","format":"standard","meta":{"site-sidebar-layout":"default","site-content-layout":"default","ast-global-header-display":"","ast-banner-title-visibility":"","ast-main-header-display":"","ast-hfb-above-header-display":"","ast-hfb-below-header-display":"","ast-hfb-mobile-header-display":"","site-post-title":"","ast-breadcrumbs-content":"","ast-featured-img":"","footer-sml-layout":"","theme-transparent-header-meta":"","adv-header-id-meta":"","stick-header-meta":"","header-above-stick-meta":"","header-main-stick-meta":"","header-below-stick-meta":""},"categories":[784],"tags":[],"acf":[],"_links":{"self":[{"href":"https:\/\/www.cnbb.org.br\/cnbb-app\/wp\/v2\/posts\/18874"}],"collection":[{"href":"https:\/\/www.cnbb.org.br\/cnbb-app\/wp\/v2\/posts"}],"about":[{"href":"https:\/\/www.cnbb.org.br\/cnbb-app\/wp\/v2\/types\/post"}],"author":[{"embeddable":true,"href":"https:\/\/www.cnbb.org.br\/cnbb-app\/wp\/v2\/users\/83"}],"replies":[{"embeddable":true,"href":"https:\/\/www.cnbb.org.br\/cnbb-app\/wp\/v2\/comments?post=18874"}],"version-history":[{"count":0,"href":"https:\/\/www.cnbb.org.br\/cnbb-app\/wp\/v2\/posts\/18874\/revisions"}],"wp:featuredmedia":[{"embeddable":true,"href":"https:\/\/www.cnbb.org.br\/cnbb-app\/wp\/v2\/media\/18875"}],"wp:attachment":[{"href":"https:\/\/www.cnbb.org.br\/cnbb-app\/wp\/v2\/media?parent=18874"}],"wp:term":[{"taxonomy":"category","embeddable":true,"href":"https:\/\/www.cnbb.org.br\/cnbb-app\/wp\/v2\/categories?post=18874"},{"taxonomy":"post_tag","embeddable":true,"href":"https:\/\/www.cnbb.org.br\/cnbb-app\/wp\/v2\/tags?post=18874"}],"curies":[{"name":"wp","href":"https:\/\/api.w.org\/{rel}","templated":true}]}}