{"id":18882,"date":"2015-07-28T00:00:00","date_gmt":"2015-07-28T03:00:00","guid":{"rendered":"https:\/\/www.cnbb.org.br\/celam-elabora-plano-global\/"},"modified":"2020-03-11T21:37:04","modified_gmt":"2020-03-12T00:37:04","slug":"celam-elabora-plano-global","status":"publish","type":"post","link":"https:\/\/www.cnbb.org.br\/celam-elabora-plano-global\/","title":{"rendered":"Celam elabora Plano Global"},"content":{"rendered":"<p style=\"text-align: justify\">Os membros dos Departamentos do Conselho Episcopal Latino-Americano (Celam) e do Centro B\u00edblico, Teol\u00f3gico e Pastoral para Am\u00e9rica Latina e Caribe (Cebitepal) participaram, de 21 a 24 de julho, em Bogot\u00e1, Col\u00f4mbia, da reuni\u00e3o geral da coordena\u00e7\u00e3o do Celam, com o objetivo de elaborar um Plano Global para o quadri\u00eanio 2015-2019.<\/p>\n<p style=\"text-align: justify\">De acordo com informa\u00e7\u00f5es da institui\u00e7\u00e3o, \u201ca reuni\u00e3o ocorreu no contexto dos 60 anos do Celam em um ambiente fraterno que reflete a import\u00e2ncia de fortalecer o conhecimento e a comunh\u00e3o entre os membros dos departamentos e do Cebitepal, tendo em vista a forma\u00e7\u00e3o de equipes de f\u00e9, de vida e de trabalho\u201d.<\/p>\n<p>  <!--more-->  <\/p>\n<p style=\"text-align: justify\">O arcebispo de Bogot\u00e1 e presidente do Celam, cardeal Salazar G\u00f3mez, recordou os diferentes acontecimentos que marcaram a vida da entidade. \u201c60 frutuosos anos nos oferecem um acervo especialmente fecundo para a compreens\u00e3o do momento presente e da tarefa que hoje devemos assumir frente \u00e0 evangeliza\u00e7\u00e3o de nosso continente\u201d, disse. Segundo o cardeal G\u00f3mez, \u201ca celebra\u00e7\u00e3o dos 50 anos do encerramento do Conc\u00edlio Vaticano II, com suas resson\u00e2ncias nas Confer\u00eancias do Episcopado Latino-Americano e Caribenho, e o surpreendente magist\u00e9rio do papa Francisco, particularmente sua exorta\u00e7\u00e3o apost\u00f3lica, a Alegria do Evangelho, e agora a sua carta enc\u00edclica<em> Laudato Si<\/em>\u2019, al\u00e9m dos seus numerosos discursos, homilias e catequeses, oferecem um amplo horizonte de compreens\u00e3o para que a tarefa do Celam assuma novos desafios e receba novas possibilidades\u201d.<\/p>\n<p style=\"text-align: justify\">Para definir os itiner\u00e1rios do Celam nos pr\u00f3ximos quatro anos, foi discutida a realidade latino-americana e caribenha, \u00e0 luz do Evangelho, com a finalidade de identificar os desafios mais urgentes e tra\u00e7ar linhas de a\u00e7\u00e3o pastoral que respondam \u00e0s necessidades da Igreja. As fun\u00e7\u00f5es e a\u00e7\u00f5es que os membros de cada departamento do Celam e do Cebitepal desenvolvem foram definidas \u00e0 luz da Palavra e da reflex\u00e3o dos momentos mais significativos nos 60 anos de vida e miss\u00e3o do Celam, bem como a partir da inspira\u00e7\u00e3o teol\u00f3gica que adv\u00e9m da exorta\u00e7\u00e3o apost\u00f3lica do papa Francisco, A alegria do Evangelho.<\/p>\n<p style=\"text-align: justify\">O Plano Global 2015-2019, elaborado com base no m\u00e9todo Ver-Julgar-Agir, aborda os desafios, linhas de a\u00e7\u00e3o, objetivos e programas que permitir\u00e3o o desenvolvimento de projetos espec\u00edficos.<\/p>\n<p style=\"text-align: justify\">Tamb\u00e9m durante a reuni\u00e3o, foram apresentados os frutos do trabalho e informa\u00e7\u00f5es pertinentes ao desenvolvimento articulado de a\u00e7\u00f5es de cada departamento do Celam e do Cebitepal.<\/p>\n","protected":false},"excerpt":{"rendered":"<p>Os membros dos Departamentos do Conselho Episcopal Latino-Americano (Celam) e do Centro B\u00edblico, Teol\u00f3gico e Pastoral para Am\u00e9rica Latina e Caribe (Cebitepal) participaram, de 21 a 24 de julho, em Bogot\u00e1, Col\u00f4mbia, da reuni\u00e3o geral da coordena\u00e7\u00e3o do Celam, com o objetivo de elaborar um Plano Global para o quadri\u00eanio 2015-2019. De acordo com informa\u00e7\u00f5es &hellip;<\/p>\n<p class=\"read-more\"> <a class=\"\" href=\"https:\/\/www.cnbb.org.br\/celam-elabora-plano-global\/\"> <span class=\"screen-reader-text\">Celam elabora Plano Global<\/span> Leia mais &raquo;<\/a><\/p>\n","protected":false},"author":83,"featured_media":18883,"comment_status":"open","ping_status":"open","sticky":false,"template":"","format":"standard","meta":{"site-sidebar-layout":"default","site-content-layout":"default","ast-global-header-display":"","ast-banner-title-visibility":"","ast-main-header-display":"","ast-hfb-above-header-display":"","ast-hfb-below-header-display":"","ast-hfb-mobile-header-display":"","site-post-title":"","ast-breadcrumbs-content":"","ast-featured-img":"","footer-sml-layout":"","theme-transparent-header-meta":"","adv-header-id-meta":"","stick-header-meta":"","header-above-stick-meta":"","header-main-stick-meta":"","header-below-stick-meta":""},"categories":[784],"tags":[],"acf":[],"_links":{"self":[{"href":"https:\/\/www.cnbb.org.br\/cnbb-app\/wp\/v2\/posts\/18882"}],"collection":[{"href":"https:\/\/www.cnbb.org.br\/cnbb-app\/wp\/v2\/posts"}],"about":[{"href":"https:\/\/www.cnbb.org.br\/cnbb-app\/wp\/v2\/types\/post"}],"author":[{"embeddable":true,"href":"https:\/\/www.cnbb.org.br\/cnbb-app\/wp\/v2\/users\/83"}],"replies":[{"embeddable":true,"href":"https:\/\/www.cnbb.org.br\/cnbb-app\/wp\/v2\/comments?post=18882"}],"version-history":[{"count":0,"href":"https:\/\/www.cnbb.org.br\/cnbb-app\/wp\/v2\/posts\/18882\/revisions"}],"wp:featuredmedia":[{"embeddable":true,"href":"https:\/\/www.cnbb.org.br\/cnbb-app\/wp\/v2\/media\/18883"}],"wp:attachment":[{"href":"https:\/\/www.cnbb.org.br\/cnbb-app\/wp\/v2\/media?parent=18882"}],"wp:term":[{"taxonomy":"category","embeddable":true,"href":"https:\/\/www.cnbb.org.br\/cnbb-app\/wp\/v2\/categories?post=18882"},{"taxonomy":"post_tag","embeddable":true,"href":"https:\/\/www.cnbb.org.br\/cnbb-app\/wp\/v2\/tags?post=18882"}],"curies":[{"name":"wp","href":"https:\/\/api.w.org\/{rel}","templated":true}]}}