{"id":18909,"date":"2016-05-13T00:00:00","date_gmt":"2016-05-13T03:00:00","guid":{"rendered":"https:\/\/www.cnbb.org.br\/papa-francisco-visitara-armenia\/"},"modified":"2020-03-11T21:37:00","modified_gmt":"2020-03-12T00:37:00","slug":"papa-francisco-visitara-armenia","status":"publish","type":"post","link":"https:\/\/www.cnbb.org.br\/papa-francisco-visitara-armenia\/","title":{"rendered":"Papa Francisco visitar\u00e1 Arm\u00eania"},"content":{"rendered":"<p>Viagem ocorrer\u00e1 de\u00a024 a\u00a026 de junho<\/p>\n<p><!--more--><\/p>\n<p style=\"text-align: justify\">A visita do papa Francisco \u00e0 Arm\u00eania\u00a0\u00a0acontecer\u00e1 nos dias 24 a 26 de junho. No aeroporto internacional \u201cZvartnots\u201d, Francisco chegar\u00e1 \u00e0s 15 horas do hor\u00e1rio local. Na ocasi\u00e3o haver\u00e1\u00a0a cerim\u00f4nia de boas-vindas. No mesmo dia, haver\u00e1 um momento de ora\u00e7\u00e3o na Catedral Apost\u00f3lica, em Etchmiadzin, com as sauda\u00e7\u00f5es do Katolic\u00f3s e do papa.<\/p>\n<p style=\"text-align: justify\">O pont\u00edfice\u00a0far\u00e1 ainda uma visita de cortesia ao presidente da Rep\u00fablica, no Pal\u00e1cio Presidencial. O \u00faltimo compromisso do primeiro dia da viagem \u00e0 Arm\u00eanica ser\u00e1 um encontro privado com o Katolic\u00f3s, no Pal\u00e1cio Apost\u00f3lico.<\/p>\n<p style=\"text-align: justify\">No s\u00e1bado, 25, o primeiro compromisso do pont\u00edfice \u00e9 a visita ao Tzitzernakaberd Memorial Complex. Logo ap\u00f3s, embarcar\u00e1 para Gyumri, onde presidir\u00e1 uma celebra\u00e7\u00e3o eucar\u00edstica, na Pra\u00e7a Vartanants. Ainda no mesmo dia, visitar\u00e1 tamb\u00e9m Yeravan, l\u00e1 o papa participar\u00e1 de um encontro ecum\u00eanico, na Pra\u00e7a da Rep\u00fablica, onde dever\u00e1 proferir um discurso junto com o Katolic\u00f3s.<\/p>\n<p style=\"text-align: justify\">Em seu \u00faltimo dia da visita, 26, o papa\u00a0encontrar\u00e1 os bispos cat\u00f3licos arm\u00eanios no Pal\u00e1cio Apost\u00f3lico, em Etchmiadzin. Francisco participar\u00e1 ainda da Divina Liturgia, na Catedral Arm\u00eanio-Apost\u00f3lica. A homilia estar\u00e1 a cargo do Katolic\u00f3s e o pont\u00edfice far\u00e1 uma breve sauda\u00e7\u00e3o aos presentes. Ao final da celebra\u00e7\u00e3o, no Pal\u00e1cio Apost\u00f3lico, haver\u00e1 a participa\u00e7\u00e3o de Francisco no almo\u00e7o ecum\u00eanico que reunir\u00e1 o Katolic\u00f3s, arcebispos e bispos da Igreja Arm\u00eania Apost\u00f3lica, bispos cat\u00f3licos-arm\u00eanios e os cardeais e bispos do s\u00e9quito papal.<\/p>\n<p style=\"text-align: justify\">A partida do avi\u00e3o com o papa est\u00e1 prevista para \u00e0s 18h30 do hor\u00e1rio local, com a chegada ao Aeroporto Ciampino, em Roma, \u00e0s 20h40.<\/p>\n<h4 style=\"text-align: justify\">Com informa\u00e7\u00f5es e foto da R\u00e1dio Vaticano<\/h4>\n<p>&nbsp;<\/p>\n<p>&nbsp;<\/p>\n","protected":false},"excerpt":{"rendered":"<p>Viagem ocorrer\u00e1 de\u00a024 a\u00a026 de junho<\/p>\n","protected":false},"author":83,"featured_media":18910,"comment_status":"open","ping_status":"open","sticky":false,"template":"","format":"standard","meta":{"site-sidebar-layout":"default","site-content-layout":"default","ast-global-header-display":"","ast-banner-title-visibility":"","ast-main-header-display":"","ast-hfb-above-header-display":"","ast-hfb-below-header-display":"","ast-hfb-mobile-header-display":"","site-post-title":"","ast-breadcrumbs-content":"","ast-featured-img":"","footer-sml-layout":"","theme-transparent-header-meta":"","adv-header-id-meta":"","stick-header-meta":"","header-above-stick-meta":"","header-main-stick-meta":"","header-below-stick-meta":""},"categories":[784],"tags":[],"acf":[],"_links":{"self":[{"href":"https:\/\/www.cnbb.org.br\/cnbb-app\/wp\/v2\/posts\/18909"}],"collection":[{"href":"https:\/\/www.cnbb.org.br\/cnbb-app\/wp\/v2\/posts"}],"about":[{"href":"https:\/\/www.cnbb.org.br\/cnbb-app\/wp\/v2\/types\/post"}],"author":[{"embeddable":true,"href":"https:\/\/www.cnbb.org.br\/cnbb-app\/wp\/v2\/users\/83"}],"replies":[{"embeddable":true,"href":"https:\/\/www.cnbb.org.br\/cnbb-app\/wp\/v2\/comments?post=18909"}],"version-history":[{"count":0,"href":"https:\/\/www.cnbb.org.br\/cnbb-app\/wp\/v2\/posts\/18909\/revisions"}],"wp:featuredmedia":[{"embeddable":true,"href":"https:\/\/www.cnbb.org.br\/cnbb-app\/wp\/v2\/media\/18910"}],"wp:attachment":[{"href":"https:\/\/www.cnbb.org.br\/cnbb-app\/wp\/v2\/media?parent=18909"}],"wp:term":[{"taxonomy":"category","embeddable":true,"href":"https:\/\/www.cnbb.org.br\/cnbb-app\/wp\/v2\/categories?post=18909"},{"taxonomy":"post_tag","embeddable":true,"href":"https:\/\/www.cnbb.org.br\/cnbb-app\/wp\/v2\/tags?post=18909"}],"curies":[{"name":"wp","href":"https:\/\/api.w.org\/{rel}","templated":true}]}}