{"id":18928,"date":"2008-09-26T00:00:00","date_gmt":"2008-09-26T03:00:00","guid":{"rendered":"https:\/\/www.cnbb.org.br\/os-diaconos-permanentes-na-igreja\/"},"modified":"2020-03-11T16:57:23","modified_gmt":"2020-03-11T19:57:23","slug":"os-diaconos-permanentes-na-igreja","status":"publish","type":"post","link":"https:\/\/www.cnbb.org.br\/os-diaconos-permanentes-na-igreja\/","title":{"rendered":"Os Di\u00e1conos Permanentes na Igreja"},"content":{"rendered":"<p style=\"text-align: justify\">Leio duas not\u00edcias, referente \u00e0 Igreja Cat\u00f3lica. A primeira: Dia 26 de setembro acontece em Santa Cruz do Sul o Encontro Estadual dos Di\u00e1conos permanentes. A segunda: nesta ocasi\u00e3o haver\u00e1 a ordena\u00e7\u00e3o diaconal de Ingo Stertz, pai de fam\u00edlia e conhecido l\u00edder comunit\u00e1rio.<\/p>\n<p><!--more--><\/p>\n<p style=\"text-align: justify\">O Conc\u00edlio Ecum\u00eanico Vaticano II, em 1964, aprovou a seguinte resolu\u00e7\u00e3o: \u201cO Diaconado permanente poder\u00e1 ser restaurado como um grau pr\u00f3prio e permanente da hierarquia. Pode ser conferido a homens de idade mais madura, mesmo casado\u201d (LG, n\u00ba 74). Havia s\u00e9culos que os Di\u00e1conos eram apenas ordenados como um passo para a ordena\u00e7\u00e3o presbiteral. A restaura\u00e7\u00e3o do Diaconado como um minist\u00e9rio permanente foi considerado um ato de coragem e pastoralmente muito oportuno.<\/p>\n<p style=\"text-align: justify\">O episcopado ga\u00facho aderiu \u00e0 iniciativa conciliar e hoje os Di\u00e1conos permanentes s\u00e3o uma feliz realidade, em franca expans\u00e3o. No Rio Grande do Sul, salvo engano, s\u00e3o em n\u00famero de 146.<\/p>\n<p style=\"text-align: justify\">A integra\u00e7\u00e3o na Ordem dos Di\u00e1conos \u00e9 feita por um rito chamado de \u201cOrdena\u00e7\u00e3o\u201d. O sinal vis\u00edvel desta consagra\u00e7\u00e3o diaconal \u00e9 a imposi\u00e7\u00e3o das m\u00e3os do bispo e a ora\u00e7\u00e3o consecrat\u00f3ria. A tradi\u00e7\u00e3o de s\u00f3 o bispo impor as m\u00e3os quer significar que o Di\u00e1cono est\u00e1 especialmente ligado ao Bispo nas tarefas de sua \u201cDiaconia\u201d.<\/p>\n<p style=\"text-align: justify\">O C\u00f3digo de Direito Can\u00f4nico (C\u00e2n. 266) determina que n\u00e3o haja cl\u00e9rigo vago ou ac\u00e9falo. Por isso o Di\u00e1cono pela ordena\u00e7\u00e3o \u00e9 incardinado na Diocese para cujo servi\u00e7o \u00e9 promovido.<\/p>\n<p style=\"text-align: justify\">As grandes assembl\u00e9ias episcopais da Am\u00e9rica Latina e do Caribe aderiram \u00e0 restaura\u00e7\u00e3o dos Di\u00e1conos permanentes como \u201cum fen\u00f4meno animador\u201d. Em Santo Domingo os Bispos se comprometeram a \u201cCriar os espa\u00e7os necess\u00e1rios para que os Di\u00e1conos colaborem na anima\u00e7\u00e3o dos servi\u00e7os na Igreja, detectando e promovendo l\u00edderes, estimulando a co-responsabilidade de todos para uma cultura de reconcilia\u00e7\u00e3o e de solidariedade\u201d (SD, 77).<\/p>\n<p style=\"text-align: justify\">O \u00faltimo Conc\u00edlio sintetizou as fun\u00e7\u00f5es dos Di\u00e1conos assim: \u201cFortalecidos com a gra\u00e7a sacramental, os Di\u00e1conos servem ao povo de Deus\u00a0 na diaconia\u00a0 da liturgia, da palavra e da caridade em comunh\u00e3o com o Bispo e seu Presbit\u00e9rio\u201d (LG, 29).<\/p>\n<p style=\"text-align: justify\">Diaconia significa servi\u00e7o. Por isso o carisma e a espiritualidade do Di\u00e1cono \u00e9 ser sinal sacramental de \u201cCristo Servo\u201d. Assim contribui para a realiza\u00e7\u00e3o duma Igreja servidora e pobre (Puebla, n\u00ba 697).<\/p>\n<p style=\"text-align: justify\">A presen\u00e7a dos Di\u00e1conos permanentes na Igreja, ao lado de tantos outros minist\u00e9rios do povo de Deus, contribui para um melhor atendimento pastoral dos fi\u00e9is, para uma evangeliza\u00e7\u00e3o mais eficaz, porque feita por pessoas inseridas nas comunidades e pelo exerc\u00edcio mais partilhado do poder sagrado na Igreja. Em s\u00edntese, para uma Igreja em comunh\u00e3o e participa\u00e7\u00e3o.<\/p>\n<h4 style=\"text-align: right\">Dom Alo\u00edsio Sin\u00e9sio Bohn<\/h4>\n","protected":false},"excerpt":{"rendered":"<p>Leio duas not\u00edcias, referente \u00e0 Igreja Cat\u00f3lica. A primeira: Dia 26 de setembro acontece em Santa Cruz do Sul o Encontro Estadual dos Di\u00e1conos permanentes. A segunda: nesta ocasi\u00e3o haver\u00e1 a ordena\u00e7\u00e3o diaconal de Ingo Stertz, pai de fam\u00edlia e conhecido l\u00edder comunit\u00e1rio.<\/p>\n","protected":false},"author":83,"featured_media":0,"comment_status":"open","ping_status":"open","sticky":false,"template":"","format":"standard","meta":{"site-sidebar-layout":"default","site-content-layout":"default","ast-global-header-display":"","ast-banner-title-visibility":"","ast-main-header-display":"","ast-hfb-above-header-display":"","ast-hfb-below-header-display":"","ast-hfb-mobile-header-display":"","site-post-title":"","ast-breadcrumbs-content":"","ast-featured-img":"","footer-sml-layout":"","theme-transparent-header-meta":"","adv-header-id-meta":"","stick-header-meta":"","header-above-stick-meta":"","header-main-stick-meta":"","header-below-stick-meta":""},"categories":[807],"tags":[],"acf":[],"_links":{"self":[{"href":"https:\/\/www.cnbb.org.br\/cnbb-app\/wp\/v2\/posts\/18928"}],"collection":[{"href":"https:\/\/www.cnbb.org.br\/cnbb-app\/wp\/v2\/posts"}],"about":[{"href":"https:\/\/www.cnbb.org.br\/cnbb-app\/wp\/v2\/types\/post"}],"author":[{"embeddable":true,"href":"https:\/\/www.cnbb.org.br\/cnbb-app\/wp\/v2\/users\/83"}],"replies":[{"embeddable":true,"href":"https:\/\/www.cnbb.org.br\/cnbb-app\/wp\/v2\/comments?post=18928"}],"version-history":[{"count":0,"href":"https:\/\/www.cnbb.org.br\/cnbb-app\/wp\/v2\/posts\/18928\/revisions"}],"wp:attachment":[{"href":"https:\/\/www.cnbb.org.br\/cnbb-app\/wp\/v2\/media?parent=18928"}],"wp:term":[{"taxonomy":"category","embeddable":true,"href":"https:\/\/www.cnbb.org.br\/cnbb-app\/wp\/v2\/categories?post=18928"},{"taxonomy":"post_tag","embeddable":true,"href":"https:\/\/www.cnbb.org.br\/cnbb-app\/wp\/v2\/tags?post=18928"}],"curies":[{"name":"wp","href":"https:\/\/api.w.org\/{rel}","templated":true}]}}