{"id":18939,"date":"2011-03-16T00:00:00","date_gmt":"2011-03-16T03:00:00","guid":{"rendered":"https:\/\/www.cnbb.org.br\/padres-e-diaconos-discutem-o-exercicio-do-ministerio-presbiteral-na-arquidiocese-de-mariana\/"},"modified":"2020-03-11T16:57:22","modified_gmt":"2020-03-11T19:57:22","slug":"padres-e-diaconos-discutem-o-exercicio-do-ministerio-presbiteral-na-arquidiocese-de-mariana","status":"publish","type":"post","link":"https:\/\/www.cnbb.org.br\/padres-e-diaconos-discutem-o-exercicio-do-ministerio-presbiteral-na-arquidiocese-de-mariana\/","title":{"rendered":"Padres e di\u00e1conos da arquidiocese de Mariana discutem o exerc\u00edcio do minist\u00e9rio presbiteral"},"content":{"rendered":"<p style=\"text-align: justify\">At\u00e9 esta quinta-feira, 17, a arquidiocese de Mariana (MG) re\u00fane, em Ouro Preto, 170 padres e di\u00e1conos no 21\u00ba Encontro dos Presb\u00edteros da Arquidiocese. O tema discutido este ano \u00e9 \u201cO Exerc\u00edcio do Minist\u00e9rio Presbiteral \u00e0 Luz do Programa Arquidiocesano de Evangeliza\u00e7\u00e3o\u201d.<\/p>\n<p><!--more--><\/p>\n<p style=\"text-align: justify\">Nesta quarta-feira, 16, os participantes se dedicaram ao estudo e reflex\u00e3o dos temas emergentes que desafiam a a\u00e7\u00e3o pastoral e evangelizadora dos presb\u00edteros e da Igreja. O professor doutor frei Ant\u00f4nio Moser [diretor presidente da Editora Vozes] foi o respons\u00e1vel pela assessoria das discuss\u00f5es cujo tema foi \u201cValores emergentes ou desconstru\u00e7\u00e3o da sociedade\u201d.<\/p>\n<p style=\"text-align: justify\">As atividades do Encontro seguiram ao longo desta tarde de quarta-feira, com trabalhos em grupo, plen\u00e1rias e, \u00e0 noite, todos s\u00e3o convidados para um momento de confraterniza\u00e7\u00e3o. A programa\u00e7\u00e3o desta 21\u00aa edi\u00e7\u00e3o do Encontro dos Presb\u00edteros e Di\u00e1conos da Arquidiocese de Mariana se estende at\u00e9 a manh\u00e3 desta quinta-feira,17.<\/p>\n<p style=\"text-align: justify\">Aberto na segunda-feira, 14, o Encontro Arquidiocesano conta com a participa\u00e7\u00e3o do arcebispo de Mariana, dom Geraldo Lyrio Rocha, que dirigiu palavras de boas vindas aos participantes do evento confirmando que o encontro trata-se de um \u201cmomento bonito e muito importante para a Igreja Particular de Mariana\u201d.<\/p>\n<p style=\"text-align: justify\">O arcebispo ainda ressaltou a presen\u00e7a daqueles que participam pela primeira vez do Encontro, seja como novo sacerdote ou di\u00e1cono, sobretudo, aos sete seminaristas que ser\u00e3o ordenados no pr\u00f3ximo dia 26, e fez votos de que o evento seja proveitoso. \u201cQue Deus nos ajude para que nosso trabalho seja rendoso para n\u00f3s e pra nossa Igreja\u201d, finalizou.<\/p>\n<p style=\"text-align: justify\"><strong>Projeto Arquidiocesano de Evangeliza\u00e7\u00e3o<\/strong><\/p>\n<p style=\"text-align: justify\">\u00c9 tema de discuss\u00e3o no Encontro, o Projeto Arquidiocesano de Evangeliza\u00e7\u00e3o (PAE) que, segundo dom Geraldo, \u00e9 de responsabilidade de cada um dos presb\u00edteros que pertence \u00e0 Igreja de Mariana. \u201cO PAE n\u00e3o \u00e9 meu, n\u00e3o \u00e9 seu, \u00e9 nosso\u201d, reafirmou o arcebispo apontando para import\u00e2ncia de cada um assumir este Projeto como uma a\u00e7\u00e3o concreta de evangeliza\u00e7\u00e3o na Igreja de Mariana.<\/p>\n","protected":false},"excerpt":{"rendered":"<p>At\u00e9 esta quinta-feira, 17, a arquidiocese de Mariana (MG) re\u00fane, em Ouro Preto, 170 padres e di\u00e1conos no 21\u00ba Encontro dos Presb\u00edteros da Arquidiocese. O tema discutido este ano \u00e9 \u201cO Exerc\u00edcio do Minist\u00e9rio Presbiteral \u00e0 Luz do Programa Arquidiocesano de Evangeliza\u00e7\u00e3o\u201d.<\/p>\n","protected":false},"author":83,"featured_media":18940,"comment_status":"open","ping_status":"open","sticky":false,"template":"","format":"standard","meta":{"site-sidebar-layout":"default","site-content-layout":"default","ast-global-header-display":"","ast-banner-title-visibility":"","ast-main-header-display":"","ast-hfb-above-header-display":"","ast-hfb-below-header-display":"","ast-hfb-mobile-header-display":"","site-post-title":"","ast-breadcrumbs-content":"","ast-featured-img":"","footer-sml-layout":"","theme-transparent-header-meta":"","adv-header-id-meta":"","stick-header-meta":"","header-above-stick-meta":"","header-main-stick-meta":"","header-below-stick-meta":""},"categories":[807],"tags":[],"acf":[],"_links":{"self":[{"href":"https:\/\/www.cnbb.org.br\/cnbb-app\/wp\/v2\/posts\/18939"}],"collection":[{"href":"https:\/\/www.cnbb.org.br\/cnbb-app\/wp\/v2\/posts"}],"about":[{"href":"https:\/\/www.cnbb.org.br\/cnbb-app\/wp\/v2\/types\/post"}],"author":[{"embeddable":true,"href":"https:\/\/www.cnbb.org.br\/cnbb-app\/wp\/v2\/users\/83"}],"replies":[{"embeddable":true,"href":"https:\/\/www.cnbb.org.br\/cnbb-app\/wp\/v2\/comments?post=18939"}],"version-history":[{"count":0,"href":"https:\/\/www.cnbb.org.br\/cnbb-app\/wp\/v2\/posts\/18939\/revisions"}],"wp:featuredmedia":[{"embeddable":true,"href":"https:\/\/www.cnbb.org.br\/cnbb-app\/wp\/v2\/media\/18940"}],"wp:attachment":[{"href":"https:\/\/www.cnbb.org.br\/cnbb-app\/wp\/v2\/media?parent=18939"}],"wp:term":[{"taxonomy":"category","embeddable":true,"href":"https:\/\/www.cnbb.org.br\/cnbb-app\/wp\/v2\/categories?post=18939"},{"taxonomy":"post_tag","embeddable":true,"href":"https:\/\/www.cnbb.org.br\/cnbb-app\/wp\/v2\/tags?post=18939"}],"curies":[{"name":"wp","href":"https:\/\/api.w.org\/{rel}","templated":true}]}}