{"id":18946,"date":"2011-05-27T00:00:00","date_gmt":"2011-05-27T03:00:00","guid":{"rendered":"https:\/\/www.cnbb.org.br\/linhas-de-acao-para-o-diaconado-permanente-e-o-tema-de-discussao-hoje-no-2o-cladp\/"},"modified":"2020-03-11T16:57:21","modified_gmt":"2020-03-11T19:57:21","slug":"linhas-de-acao-para-o-diaconado-permanente-e-o-tema-de-discussao-hoje-no-2o-cladp","status":"publish","type":"post","link":"https:\/\/www.cnbb.org.br\/linhas-de-acao-para-o-diaconado-permanente-e-o-tema-de-discussao-hoje-no-2o-cladp\/","title":{"rendered":"Linhas de a\u00e7\u00e3o para o diaconado permanente s\u00e3o tema de discuss\u00e3o hoje no 2\u00ba CLADP"},"content":{"rendered":"<p style=\"text-align: justify\">Continua em Itaici, munic\u00edpio de Indaiatuba (SP) o 2\u00ba Congresso Latino-americano e Caribenho do Diaconado Permanente (2\u00baCLADP), promovido pelo Departamento de Voca\u00e7\u00f5es e Minist\u00e9rios, do Conselho Episcopal Latino-americano (CELAM). O evento re\u00fane 256 pessoas: 20 bispos, 30 presb\u00edteros, 165 di\u00e1conos, 40 esposas e 1 leigo da Am\u00e9rica Latina e Caribe e representantes da Europa e Estados Unidos.<\/p>\n<p><!--more--><\/p>\n<p style=\"text-align: justify\">De acordo com o di\u00e1cono Manoel Damasceno, de Bras\u00edlia, nesta sexta-feira, 27, ao longo de todo o dia, o di\u00e1cono Jos\u00e9 Duran, de Pernambuco, fala sobre as novas linhas de a\u00e7\u00e3o para o diaconado permanente na Am\u00e9rica Latina e Caribe. \u201cCada sess\u00e3o tem debates e discuss\u00f5es sobre os \u2018Ap\u00f3stolos das Novas Fronteiras da Miss\u00e3o\u2019, conforme o n\u00ba 208 do Documento de Aparecida (DAp)\u201d, informou o di\u00e1cono.<\/p>\n<p style=\"text-align: justify\">As discuss\u00f5es do Congresso acontecem em torno do lema \u201cOs di\u00e1conos: ap\u00f3stolos nas novas fronteiras\u201d, com o objetivo de dar \u00eanfase \u00e0 situa\u00e7\u00e3o da Igreja e do diaconado no Continente.<\/p>\n<p style=\"text-align: justify\">\u201cDestacamos nesse evento toda a vida do di\u00e1cono, como sua educa\u00e7\u00e3o, espiritualidade, entretenimento e caminhos percorridos, tanto para ele [di\u00e1cono], quanto para suas fam\u00edlias, para que o cumprimento da voca\u00e7\u00e3o, a que s\u00e3o chamados, esteja em paralelo com o pensamento da Igreja\u201d, destacou o presidente do Departamento de Voca\u00e7\u00f5es e Minist\u00e9rios do CELAM, arcebispo de Teresina (PI), dom S\u00e9rgio da Rocha.<\/p>\n<p style=\"text-align: justify\">O novo secret\u00e1rio geral da CNBB, dom Leonardo Ulrich Steiner, presidiu a missa que abriu o Congresso, no dia 24, e participou da sess\u00e3o de abertura do evento. O arcebispo de Palmas (TO) e presidente da Comiss\u00e3o Episcopal Pastoral para os Minist\u00e9rios Ordenados, dom Pedro Brito Guimar\u00e3es,\u00a0 tamb\u00e9m esteve presente na sess\u00e3o inaugural\u00a0 e destacou a import\u00e2ncia do tema discutido pelos di\u00e1conos.<\/p>\n<p style=\"text-align: justify\">\u201cO Congresso foi convocado para acolher as contribui\u00e7\u00f5es da Confer\u00eancia de Aparecida e para compartilhar as experi\u00eancias do Diaconado Permanente desde o 1\u00ba Congresso, realizado na cidade de Lima, Peru, em agosto de 1998\u201d, explicou o assessor da Comiss\u00e3o Episcopal Pastoral para os Minist\u00e9rios Ordenados e a Vida Consagrada da CNBB, padre Reginaldo de Lima.<\/p>\n<p style=\"text-align: justify\">As confer\u00eancias abordam as seguintes tem\u00e1ticas: \u201cSitua\u00e7\u00e3o Atual do Diaconado no Continente\u201d, feita pelo di\u00e1cono Miguel \u00c1ngel Herrera Parra, do Chile, em conjunto com o di\u00e1cono Jos\u00e9 Espin\u00f3s, da Argentina; \u201cO ser e o fazer do Di\u00e1cono Permanente nas circunst\u00e2ncias atuais\u201d, com padre Reginaldo de Lima; e \u201cTeologia e Eclesiologia do Diaconado Permanente e os desafios da atualidade\u201d, com Vitorrino Girardi, da Costa Rica.<\/p>\n<p style=\"text-align: justify\">Uma peregrina\u00e7\u00e3o ao Santu\u00e1rio Nacional de Nossa Senhora Aparecida, em Aparecida (SP), faz parte da programa\u00e7\u00e3o neste s\u00e1bado, 28. O encerramento ser\u00e1 no domingo, 29, com uma missa na capela da Casa de Retiros Vila Kostka, em Itaici.<\/p>\n","protected":false},"excerpt":{"rendered":"<p>Continua em Itaici, munic\u00edpio de Indaiatuba (SP) o 2\u00ba Congresso Latino-americano e Caribenho do Diaconado Permanente (2\u00baCLADP), promovido pelo Departamento de Voca\u00e7\u00f5es e Minist\u00e9rios, do Conselho Episcopal Latino-americano (CELAM). O evento re\u00fane 256 pessoas: 20 bispos, 30 presb\u00edteros, 165 di\u00e1conos, 40 esposas e 1 leigo da Am\u00e9rica Latina e Caribe e representantes da Europa e &hellip;<\/p>\n<p class=\"read-more\"> <a class=\"\" href=\"https:\/\/www.cnbb.org.br\/linhas-de-acao-para-o-diaconado-permanente-e-o-tema-de-discussao-hoje-no-2o-cladp\/\"> <span class=\"screen-reader-text\">Linhas de a\u00e7\u00e3o para o diaconado permanente s\u00e3o tema de discuss\u00e3o hoje no 2\u00ba CLADP<\/span> Leia mais &raquo;<\/a><\/p>\n","protected":false},"author":83,"featured_media":18947,"comment_status":"open","ping_status":"open","sticky":false,"template":"","format":"standard","meta":{"site-sidebar-layout":"default","site-content-layout":"default","ast-global-header-display":"","ast-banner-title-visibility":"","ast-main-header-display":"","ast-hfb-above-header-display":"","ast-hfb-below-header-display":"","ast-hfb-mobile-header-display":"","site-post-title":"","ast-breadcrumbs-content":"","ast-featured-img":"","footer-sml-layout":"","theme-transparent-header-meta":"","adv-header-id-meta":"","stick-header-meta":"","header-above-stick-meta":"","header-main-stick-meta":"","header-below-stick-meta":""},"categories":[807],"tags":[],"acf":[],"_links":{"self":[{"href":"https:\/\/www.cnbb.org.br\/cnbb-app\/wp\/v2\/posts\/18946"}],"collection":[{"href":"https:\/\/www.cnbb.org.br\/cnbb-app\/wp\/v2\/posts"}],"about":[{"href":"https:\/\/www.cnbb.org.br\/cnbb-app\/wp\/v2\/types\/post"}],"author":[{"embeddable":true,"href":"https:\/\/www.cnbb.org.br\/cnbb-app\/wp\/v2\/users\/83"}],"replies":[{"embeddable":true,"href":"https:\/\/www.cnbb.org.br\/cnbb-app\/wp\/v2\/comments?post=18946"}],"version-history":[{"count":0,"href":"https:\/\/www.cnbb.org.br\/cnbb-app\/wp\/v2\/posts\/18946\/revisions"}],"wp:featuredmedia":[{"embeddable":true,"href":"https:\/\/www.cnbb.org.br\/cnbb-app\/wp\/v2\/media\/18947"}],"wp:attachment":[{"href":"https:\/\/www.cnbb.org.br\/cnbb-app\/wp\/v2\/media?parent=18946"}],"wp:term":[{"taxonomy":"category","embeddable":true,"href":"https:\/\/www.cnbb.org.br\/cnbb-app\/wp\/v2\/categories?post=18946"},{"taxonomy":"post_tag","embeddable":true,"href":"https:\/\/www.cnbb.org.br\/cnbb-app\/wp\/v2\/tags?post=18946"}],"curies":[{"name":"wp","href":"https:\/\/api.w.org\/{rel}","templated":true}]}}