{"id":18948,"date":"2011-05-31T00:00:00","date_gmt":"2011-05-31T03:00:00","guid":{"rendered":"https:\/\/www.cnbb.org.br\/2o-congresso-latino-americano-e-caribenho-do-diaconado-permanente-encerra-com-peregrinacao-a-aparecida\/"},"modified":"2020-03-11T16:57:20","modified_gmt":"2020-03-11T19:57:20","slug":"2o-congresso-latino-americano-e-caribenho-do-diaconado-permanente-encerra-com-peregrinacao-a-aparecida","status":"publish","type":"post","link":"https:\/\/www.cnbb.org.br\/2o-congresso-latino-americano-e-caribenho-do-diaconado-permanente-encerra-com-peregrinacao-a-aparecida\/","title":{"rendered":"2\u00ba Congresso Latino-americano e Caribenho do Diaconado Permanente encerra com Peregrina\u00e7\u00e3o a Aparecida"},"content":{"rendered":"<p style=\"text-align: justify\">O 2\u00ba Congresso Latino-americano e Caribenho do Diaconado Permanente foi encerrado, no s\u00e1bado, 28, com uma peregrina\u00e7\u00e3o ao Santu\u00e1rio Nacional de Aparecida e uma confraterniza\u00e7\u00e3o cultural na Casa de Retiros Vila Kostka, em Itaici, munic\u00edpio de Indaiatuba (SP).<\/p>\n<p><!--more--><\/p>\n<p style=\"text-align: justify\">Em Aparecida, os 165 di\u00e1conos participaram da missa presidida pelo arcebispo de Aparecida, cardeal Raymundo Damasceno Assis e concelebrada por bispos e presb\u00edteros dos pa\u00edses Latino-americanos e caribenhos presentes ao Congresso.<\/p>\n<p style=\"text-align: justify\">Dom Damasceno, durante sua homilia, manifestou alegria em receber as delega\u00e7\u00f5es: \u201cNossa alegria \u00e9 muito grande e agradecemos as b\u00ean\u00e7\u00e3os da M\u00e3e Maria para o importante minist\u00e9rio diaconal. Alegramos-nos porque as dioceses est\u00e3o redescobrindo o grande valor do servi\u00e7o prestado pelos di\u00e1conos, em especial por ministrar os sacramentos do Batismo e do Matrim\u00f4nio e no servi\u00e7o da caridade, junto \u00e0s pastorais sociais.\u201d<\/p>\n<p style=\"text-align: justify\">Ap\u00f3s a missa, os congressistas foram conhecer as instala\u00e7\u00f5es do Santu\u00e1rio Nacional. A Peregrina\u00e7\u00e3o terminou com almo\u00e7o servido no subsolo do Santu\u00e1rio.<\/p>\n<p style=\"text-align: justify\"><strong>Confraterniza\u00e7\u00e3o<\/strong><\/p>\n<p style=\"text-align: justify\">\u00c0 noite foi realizado um Momento Cultural de Confraterniza\u00e7\u00e3o no Sal\u00e3o Vieira, do Centro de Espiritualidade Inaciana, Vila Kostka de Itaici.<\/p>\n<p style=\"text-align: justify\">Com c\u00e2nticos populares, dan\u00e7as e poesias, as delega\u00e7\u00f5es mostraram seus tra\u00e7os culturais, enriquecendo o evento. Apresentaram seus principais tra\u00e7os art\u00edsticos e culturais: Uruguai, Paraguai, Costa Rica, Porto Rico, M\u00e9xico, Chile, Venezuela, Col\u00f4mbia, Cuba, Rep\u00fablica Dominicana e Brasil. A diversidade cultural trouxe a unidade crist\u00e3 e social ao evento.<\/p>\n<p style=\"text-align: justify\">O 2\u00ba Congresso Latino-americano e Caribenho do Diaconado Permanente foi promovido pelo Departamento de Voca\u00e7\u00f5es e Minist\u00e9rios do Conselho Episcopal Latino-americano (CELAM). Aconteceu na Casa de Retiros Vila Kostka, em Itaici, munic\u00edpio de Indaiatuba (SP) e reuniu 256 pessoas: 20 bispos, 30 presb\u00edteros, 165 di\u00e1conos, 40 esposas e 1 leigo. O lema do evento foi \u201cOs di\u00e1conos: ap\u00f3stolos nas novas fronteiras\u201d.<\/p>\n","protected":false},"excerpt":{"rendered":"<p>O 2\u00ba Congresso Latino-americano e Caribenho do Diaconado Permanente foi encerrado, no s\u00e1bado, 28, com uma peregrina\u00e7\u00e3o ao Santu\u00e1rio Nacional de Aparecida e uma confraterniza\u00e7\u00e3o cultural na Casa de Retiros Vila Kostka, em Itaici, munic\u00edpio de Indaiatuba (SP).<\/p>\n","protected":false},"author":83,"featured_media":18949,"comment_status":"open","ping_status":"open","sticky":false,"template":"","format":"standard","meta":{"site-sidebar-layout":"default","site-content-layout":"default","ast-global-header-display":"","ast-banner-title-visibility":"","ast-main-header-display":"","ast-hfb-above-header-display":"","ast-hfb-below-header-display":"","ast-hfb-mobile-header-display":"","site-post-title":"","ast-breadcrumbs-content":"","ast-featured-img":"","footer-sml-layout":"","theme-transparent-header-meta":"","adv-header-id-meta":"","stick-header-meta":"","header-above-stick-meta":"","header-main-stick-meta":"","header-below-stick-meta":""},"categories":[807],"tags":[],"acf":[],"_links":{"self":[{"href":"https:\/\/www.cnbb.org.br\/cnbb-app\/wp\/v2\/posts\/18948"}],"collection":[{"href":"https:\/\/www.cnbb.org.br\/cnbb-app\/wp\/v2\/posts"}],"about":[{"href":"https:\/\/www.cnbb.org.br\/cnbb-app\/wp\/v2\/types\/post"}],"author":[{"embeddable":true,"href":"https:\/\/www.cnbb.org.br\/cnbb-app\/wp\/v2\/users\/83"}],"replies":[{"embeddable":true,"href":"https:\/\/www.cnbb.org.br\/cnbb-app\/wp\/v2\/comments?post=18948"}],"version-history":[{"count":0,"href":"https:\/\/www.cnbb.org.br\/cnbb-app\/wp\/v2\/posts\/18948\/revisions"}],"wp:featuredmedia":[{"embeddable":true,"href":"https:\/\/www.cnbb.org.br\/cnbb-app\/wp\/v2\/media\/18949"}],"wp:attachment":[{"href":"https:\/\/www.cnbb.org.br\/cnbb-app\/wp\/v2\/media?parent=18948"}],"wp:term":[{"taxonomy":"category","embeddable":true,"href":"https:\/\/www.cnbb.org.br\/cnbb-app\/wp\/v2\/categories?post=18948"},{"taxonomy":"post_tag","embeddable":true,"href":"https:\/\/www.cnbb.org.br\/cnbb-app\/wp\/v2\/tags?post=18948"}],"curies":[{"name":"wp","href":"https:\/\/api.w.org\/{rel}","templated":true}]}}