{"id":18950,"date":"2011-05-31T00:00:00","date_gmt":"2011-05-31T03:00:00","guid":{"rendered":"https:\/\/www.cnbb.org.br\/dom-sergio-da-rocha-destaca-crescimento-do-diaconado-na-america-latina-no-encerramento-do-2o-congresso\/"},"modified":"2020-03-11T16:57:20","modified_gmt":"2020-03-11T19:57:20","slug":"dom-sergio-da-rocha-destaca-crescimento-do-diaconado-na-america-latina-no-encerramento-do-2o-congresso","status":"publish","type":"post","link":"https:\/\/www.cnbb.org.br\/dom-sergio-da-rocha-destaca-crescimento-do-diaconado-na-america-latina-no-encerramento-do-2o-congresso\/","title":{"rendered":"Dom S\u00e9rgio destaca crescimento do diaconado no encerramento do Congresso do Diaconado Permanente"},"content":{"rendered":"<p style=\"text-align: justify\">Encerrou-se no \u00faltimo domingo, 29, o 2\u00ba Congresso Latino-americano e Caribenho do Diaconado Permanente, iniciado no dia 24 de maio, no Mosteiro da Vila Kostka, em Itaic\u00ed, Indaiatuba (SP). O encerramento se deu com uma missa, presidida pelo arcebispo de Teresina (PI), dom S\u00e9rgio da Rocha, que \u00e9 presidente, at\u00e9 o in\u00edcio de maio, do Departamento de Voca\u00e7\u00f5es e Minist\u00e9rios do Conselho Episcopal Latino-americano (CELAM).<\/p>\n<p><!--more--><\/p>\n<p style=\"text-align: justify\">Em sua homilia, dom S\u00e9rgio ressaltou a import\u00e2ncia da realiza\u00e7\u00e3o do Congresso como motivador das dioceses e par\u00f3quias. \u201cEste Congresso dever\u00e1 ser um motivador para as dioceses e par\u00f3quias, para que conhe\u00e7a melhor o minist\u00e9rio diaconal e o seu valor para a Igreja. \u00c9 animador ver o crescimento do diaconado na Am\u00e9rica Latina e Caribe\u201d, destacou o arcebispo.<\/p>\n<p style=\"text-align: justify\">A delega\u00e7\u00e3o brasileira, que coordenou a Liturgia, prestou homenagem a todas as delega\u00e7\u00f5es presentes. Em seguida foram apresentadas as propostas para o Documento Final do Congresso, com as emendas do plen\u00e1rio. O documento ser\u00e1 elaborado pela equipe de te\u00f3logos di\u00e1conos, que o apresentar\u00e1 ao CELAM para que, ap\u00f3s aprovado, seja divulgado para todo o diaconado.<br \/>\nDom S\u00e9rgio da Rocha exortou para que o documento tenha \u00eanfase pastoral. Entre as propostas aprovadas pela Assembleia est\u00e3o: comunh\u00e3o eclesial, testemunho na fam\u00edlia e maior participa\u00e7\u00e3o das esposas e vi\u00favas dos di\u00e1conos.<\/p>\n<h4 style=\"text-align: justify\">Peregrina\u00e7\u00e3o<\/h4>\n<p style=\"text-align: justify\">No dia anterior, 28, os participantes do Congresso fizeram uma peregrina\u00e7\u00e3o ao Santu\u00e1rio Nacional de Nossa Senhora Aparecida, que fica em Aparecida (SP), onde participaram de uma missa, na Bas\u00edlica, presidida pelo presidente da Confer\u00eancia Nacional dos Bispos do Brasil (CNBB), e arcebispo de Aparecida (SP), dom Raymundo Damasceno Assis.<\/p>\n<p style=\"text-align: justify\">Dom Damasceno, durante sua homilia, manifestou alegria em receber as delega\u00e7\u00f5es: \u201cNossa alegria \u00e9 muito grande e agradecemos as b\u00ean\u00e7\u00e3os da M\u00e3e Maria para o importante minist\u00e9rio diaconal. Alegramo-nos porque as dioceses est\u00e3o redescobrindo o grande valor do servi\u00e7o prestado pelos di\u00e1conos, em especial por ministrar os sacramentos do Batismo e do Matrim\u00f4nio e no servi\u00e7o da caridade, junto \u00e0s pastorais sociais\u201d.<\/p>\n<p style=\"text-align: justify\">Ap\u00f3s a missa, os congressistas foram conhecer as instala\u00e7\u00f5es do Santu\u00e1rio Nacional. A Peregrina\u00e7\u00e3o terminou com almo\u00e7o servido no subsolo do Santu\u00e1rio.<\/p>\n<h4 style=\"text-align: justify\">Confraterniza\u00e7\u00e3o<\/h4>\n<p style=\"text-align: justify\"><img decoding=\"async\" loading=\"lazy\" class=\" alignright size-full wp-image-10060\" style=\"float: right\" src=\"https:\/\/www.cnbb.org.br\/wp-content\/uploads\/2020\/03\/diaconosdocelam.jpg\" alt=\"diaconosdocelam\" width=\"555\" height=\"200\" \/>\u00c0 noite, ap\u00f3s a missa em Aparecida, foi realizado um Momento Cultural de Confraterniza\u00e7\u00e3o no Sal\u00e3o Vieira, do Centro de Espiritualidade Inaciana, Vila Kostka de Itaici.<\/p>\n<p style=\"text-align: justify\">Com c\u00e2nticos populares, dan\u00e7as e poesias, as delega\u00e7\u00f5es mostraram seus tra\u00e7os culturais, enriquecendo o evento. Apresentaram seus principais tra\u00e7os art\u00edsticos e culturais: Uruguai, Paraguai, Costa Rica, Porto Rico, M\u00e9xico, Chile, Venezuela, Col\u00f4mbia, Cuba, Rep\u00fablica Dominicana e Brasil. A diversidade cultural trouxe a unidade crist\u00e3 e social ao evento.<\/p>\n","protected":false},"excerpt":{"rendered":"<p>Encerrou-se no \u00faltimo domingo, 29, o 2\u00ba Congresso Latino-americano e Caribenho do Diaconado Permanente, iniciado no dia 24 de maio, no Mosteiro da Vila Kostka, em Itaic\u00ed, Indaiatuba (SP). O encerramento se deu com uma missa, presidida pelo arcebispo de Teresina (PI), dom S\u00e9rgio da Rocha, que \u00e9 presidente, at\u00e9 o in\u00edcio de maio, do &hellip;<\/p>\n<p class=\"read-more\"> <a class=\"\" href=\"https:\/\/www.cnbb.org.br\/dom-sergio-da-rocha-destaca-crescimento-do-diaconado-na-america-latina-no-encerramento-do-2o-congresso\/\"> <span class=\"screen-reader-text\">Dom S\u00e9rgio destaca crescimento do diaconado no encerramento do Congresso do Diaconado Permanente<\/span> Leia mais &raquo;<\/a><\/p>\n","protected":false},"author":83,"featured_media":18951,"comment_status":"open","ping_status":"open","sticky":false,"template":"","format":"standard","meta":{"site-sidebar-layout":"default","site-content-layout":"default","ast-global-header-display":"","ast-banner-title-visibility":"","ast-main-header-display":"","ast-hfb-above-header-display":"","ast-hfb-below-header-display":"","ast-hfb-mobile-header-display":"","site-post-title":"","ast-breadcrumbs-content":"","ast-featured-img":"","footer-sml-layout":"","theme-transparent-header-meta":"","adv-header-id-meta":"","stick-header-meta":"","header-above-stick-meta":"","header-main-stick-meta":"","header-below-stick-meta":""},"categories":[807],"tags":[],"acf":[],"_links":{"self":[{"href":"https:\/\/www.cnbb.org.br\/cnbb-app\/wp\/v2\/posts\/18950"}],"collection":[{"href":"https:\/\/www.cnbb.org.br\/cnbb-app\/wp\/v2\/posts"}],"about":[{"href":"https:\/\/www.cnbb.org.br\/cnbb-app\/wp\/v2\/types\/post"}],"author":[{"embeddable":true,"href":"https:\/\/www.cnbb.org.br\/cnbb-app\/wp\/v2\/users\/83"}],"replies":[{"embeddable":true,"href":"https:\/\/www.cnbb.org.br\/cnbb-app\/wp\/v2\/comments?post=18950"}],"version-history":[{"count":0,"href":"https:\/\/www.cnbb.org.br\/cnbb-app\/wp\/v2\/posts\/18950\/revisions"}],"wp:featuredmedia":[{"embeddable":true,"href":"https:\/\/www.cnbb.org.br\/cnbb-app\/wp\/v2\/media\/18951"}],"wp:attachment":[{"href":"https:\/\/www.cnbb.org.br\/cnbb-app\/wp\/v2\/media?parent=18950"}],"wp:term":[{"taxonomy":"category","embeddable":true,"href":"https:\/\/www.cnbb.org.br\/cnbb-app\/wp\/v2\/categories?post=18950"},{"taxonomy":"post_tag","embeddable":true,"href":"https:\/\/www.cnbb.org.br\/cnbb-app\/wp\/v2\/tags?post=18950"}],"curies":[{"name":"wp","href":"https:\/\/api.w.org\/{rel}","templated":true}]}}