{"id":18953,"date":"2012-07-06T00:00:00","date_gmt":"2012-07-06T03:00:00","guid":{"rendered":"https:\/\/www.cnbb.org.br\/juiz-de-fora-sedia-encontros-nacionais-de-direito-canonico\/"},"modified":"2020-03-11T16:57:20","modified_gmt":"2020-03-11T19:57:20","slug":"juiz-de-fora-sedia-encontros-nacionais-de-direito-canonico","status":"publish","type":"post","link":"https:\/\/www.cnbb.org.br\/juiz-de-fora-sedia-encontros-nacionais-de-direito-canonico\/","title":{"rendered":"Juiz de Fora sedia Encontros Nacionais de Direito Can\u00f4nico"},"content":{"rendered":"<p style=\"text-align: justify\">A Arquidiocese de Juiz de Fora sedia, de 09 a 14 de julho, um encontro nacional de canonistas (a parte do direito referente \u00e0 Igreja Cat\u00f3lica) e de servidores dos tribunais eclesi\u00e1sticos (Tribunais que cuidam especialmente de causas relacionadas \u00e0 Igreja). O 27\u00ba Encontro da Sociedade Brasileira de Canonistas e o 27\u00ba Encontro dos servidores dos Tribunais Eclesi\u00e1sticos do Brasil ser\u00e3o realizados, concomitantemente, no Victory Business Hotel &#8211; Av. Itamar Franco (antiga Independ\u00eancia), 1850, Bairro S\u00e3o Mateus, Juiz de Fora.<\/p>\n<p><!--more--><\/p>\n<p style=\"text-align: justify\">A abertura do evento acontece com missa presidida pelo arcebispo metropolitano, Dom Gil Ant\u00f4nio Moreira, na pr\u00f3xima segunda (09 de julho), \u00e0s 19h, na Catedral Metropolitana. Um dos destaques do encontro \u00e9 a presen\u00e7a do presidente do Tribunal Eclesi\u00e1stico de Buenos Aires (Arg) e professor da Universidade Cat\u00f3lica Argentina (UCA), Pe. Alejandro Bunge e do Pe. Ziad, do Rito Greco-Melquita. Eles ministrar\u00e3o palestras, oficinas e confer\u00eancias durante os seis dias de encontro (confira abaixo a programa\u00e7\u00e3o completa). N\u00e3o ministra palestra, mas tamb\u00e9m estar\u00e1 presente no evento, o atual presidente da Sociedade Brasileira de Canonistas e eleito bispo auxiliar da S\u00e3o Paulo, Pe. S\u00e9rgio de Deus Borges.<\/p>\n<p style=\"text-align: justify\">A organiza\u00e7\u00e3o \u00e9 do Tribunal Eclesi\u00e1stico Interdiocesano e de Apela\u00e7\u00e3o de Juiz de Fora e da Sociedade Brasileira de Canonistas &#8211; SBC. Informa\u00e7\u00f5es pelo telefone (32) 3215-4085 (procurar os servidores do TEIA-JF).<\/p>\n<p style=\"text-align: justify\">Dia 09\/07 &#8211; Segunda<br \/>\n15h &#8211; Acolhida dos encontritas no Hotel Victory<br \/>\n19h &#8211; Abertura com Santa Missa presidida pelo Arcebispo Metropolitano de Juiz de Fora, Dom Gil Ant\u00f4nio Moreira &#8211; na Catedral Metropolitana<\/p>\n<p style=\"text-align: justify\">Dia 10\/07 &#8211;\u00a0 Ter\u00e7a-feira<br \/>\n07h30 &#8211; Of\u00edcio de Laudes (Sala de Palestras)<br \/>\n08h &#8211; Abertura dos trabalhos com avisos gerais<br \/>\n08h10 &#8211; Confer\u00eancia sobre o C\u00e2non 1095 &#8211; Pe. Alejandro Bunge<br \/>\n10h30 &#8211; Confer\u00eancia sobre o C\u00e2non 1095 &#8211; Pe. Alejandro Bunge<br \/>\n14h &#8211; Confer\u00eancia sobre o C\u00e2non 818 do CCEO, Pe. Ziad do Rito Greco-Melquita<br \/>\n17h &#8211; Oficina com os Servidores dos Tribunais e Canonistas<br \/>\n19h &#8211; Santa e Divina Liturgia na Igreja S\u00e3o Jorge (Rito Greco-Melquita) com Eparca Dom Fares Maakaroun &#8211; Bispo da Igreja Melquita no Brasil.<\/p>\n<p style=\"text-align: justify\">Dia 11\/07 \u2013 Quarta-feira<br \/>\n07h30 &#8211; Of\u00edcio de Laudes (Sala de Palestras)<br \/>\n08h &#8211; Abertura dos trabalhos com avisos gerais<br \/>\n08h10 &#8211; Confer\u00eancia sobre o C\u00e2non 1095 &#8211; Pe. Alejandro Bunge<br \/>\n10h30 &#8211; Confer\u00eancia sobre o C\u00e2non 1095 &#8211; Pe. Alejandro Bunge<br \/>\n14h &#8211; Oficina com os Servidores dos Tribunais e Canonistas<br \/>\n15h30 &#8211; Assembl\u00e9ia Geral da Sociedade Brasileira de Canonistas<br \/>\n18h &#8211; Santa Missa no Sal\u00e3o de Palestras presidida pelo Monge Beneditino Dom Hugo e co-celebrada pelos demais.<\/p>\n<p style=\"text-align: justify\">Dia 12\/07 \u2013 Quinta-feira<br \/>\n07h30 &#8211; Of\u00edcio de Laudes (Sala de Palestras)<br \/>\n08h &#8211; Abertura dos trabalhos com avisos gerais<br \/>\n08h10 &#8211; Confer\u00eancia sobre o C\u00e2non 1095 &#8211; Pe. Alejandro Bunge<br \/>\n10h30 &#8211; Confer\u00eancia sobre o C\u00e2non 1095 &#8211; Pe. Alejandro Bunge<br \/>\n14h &#8211; Confer\u00eancia com os Servidores dos Tribunais e Canonistas<br \/>\n16h &#8211; Oficina com os Servidores dos Tribunais e Canonistas<br \/>\n18h &#8211; Santa Missa de Encerramento dos Trabalhos Presidida pelo Presidente da SBC\u00a0 e co-celebrada pelos demais.<\/p>\n<p style=\"text-align: justify\">Dia 13\/07 \u2013 Sexta-feira<br \/>\n07h30 &#8211; Of\u00edcio de Laudes (Sala de Palestras)<br \/>\n08h &#8211; Passeio em cidades hist\u00f3ricas (S\u00e3o Jo\u00e3o Del Rey e Tiradentes)<\/p>\n<p style=\"text-align: justify\">Dia 14\/07 &#8211; S\u00e1bado<br \/>\n07h30 &#8211; Of\u00edcio de Laudes (Sala de Palestras)<\/p>\n<p style=\"text-align: justify\">Outras informa\u00e7\u00f5es:<br \/>\nAssessoria de Comunica\u00e7\u00e3o da Arquidiocese JF: (32) 3229-5450 &#8211; 8h30 \u00e0s 18h<br \/>\nJornalista: \u00c9rica Duque &#8211; (32) 8862-5222\/ Estagi\u00e1rias: Amanda Magalh\u00e3es e Lorena Torres<\/p>\n","protected":false},"excerpt":{"rendered":"<p>A Arquidiocese de Juiz de Fora sedia, de 09 a 14 de julho, um encontro nacional de canonistas (a parte do direito referente \u00e0 Igreja Cat\u00f3lica) e de servidores dos tribunais eclesi\u00e1sticos (Tribunais que cuidam especialmente de causas relacionadas \u00e0 Igreja). O 27\u00ba Encontro da Sociedade Brasileira de Canonistas e o 27\u00ba Encontro dos servidores &hellip;<\/p>\n<p class=\"read-more\"> <a class=\"\" href=\"https:\/\/www.cnbb.org.br\/juiz-de-fora-sedia-encontros-nacionais-de-direito-canonico\/\"> <span class=\"screen-reader-text\">Juiz de Fora sedia Encontros Nacionais de Direito Can\u00f4nico<\/span> Leia mais &raquo;<\/a><\/p>\n","protected":false},"author":83,"featured_media":18954,"comment_status":"open","ping_status":"open","sticky":false,"template":"","format":"standard","meta":{"site-sidebar-layout":"default","site-content-layout":"default","ast-global-header-display":"","ast-banner-title-visibility":"","ast-main-header-display":"","ast-hfb-above-header-display":"","ast-hfb-below-header-display":"","ast-hfb-mobile-header-display":"","site-post-title":"","ast-breadcrumbs-content":"","ast-featured-img":"","footer-sml-layout":"","theme-transparent-header-meta":"","adv-header-id-meta":"","stick-header-meta":"","header-above-stick-meta":"","header-main-stick-meta":"","header-below-stick-meta":""},"categories":[807],"tags":[],"acf":[],"_links":{"self":[{"href":"https:\/\/www.cnbb.org.br\/cnbb-app\/wp\/v2\/posts\/18953"}],"collection":[{"href":"https:\/\/www.cnbb.org.br\/cnbb-app\/wp\/v2\/posts"}],"about":[{"href":"https:\/\/www.cnbb.org.br\/cnbb-app\/wp\/v2\/types\/post"}],"author":[{"embeddable":true,"href":"https:\/\/www.cnbb.org.br\/cnbb-app\/wp\/v2\/users\/83"}],"replies":[{"embeddable":true,"href":"https:\/\/www.cnbb.org.br\/cnbb-app\/wp\/v2\/comments?post=18953"}],"version-history":[{"count":0,"href":"https:\/\/www.cnbb.org.br\/cnbb-app\/wp\/v2\/posts\/18953\/revisions"}],"wp:featuredmedia":[{"embeddable":true,"href":"https:\/\/www.cnbb.org.br\/cnbb-app\/wp\/v2\/media\/18954"}],"wp:attachment":[{"href":"https:\/\/www.cnbb.org.br\/cnbb-app\/wp\/v2\/media?parent=18953"}],"wp:term":[{"taxonomy":"category","embeddable":true,"href":"https:\/\/www.cnbb.org.br\/cnbb-app\/wp\/v2\/categories?post=18953"},{"taxonomy":"post_tag","embeddable":true,"href":"https:\/\/www.cnbb.org.br\/cnbb-app\/wp\/v2\/tags?post=18953"}],"curies":[{"name":"wp","href":"https:\/\/api.w.org\/{rel}","templated":true}]}}