{"id":18957,"date":"2013-07-03T00:00:00","date_gmt":"2013-07-03T03:00:00","guid":{"rendered":"https:\/\/www.cnbb.org.br\/santuario-encerra-cadastramento-de-padres-e-diaconos-para-missa-com-papa\/"},"modified":"2020-03-11T16:57:19","modified_gmt":"2020-03-11T19:57:19","slug":"santuario-encerra-cadastramento-de-padres-e-diaconos-para-missa-com-papa","status":"publish","type":"post","link":"https:\/\/www.cnbb.org.br\/santuario-encerra-cadastramento-de-padres-e-diaconos-para-missa-com-papa\/","title":{"rendered":"Santu\u00e1rio encerra cadastramento de padres e di\u00e1conos para missa com Papa"},"content":{"rendered":"<p style=\"margin: 9.6pt 0cm 0.0001pt;text-align: justify\"><span style=\"font-family: Arial, sans-serif;color: #222222\">O Santu\u00e1rio Nacional de Aparecida encerrou hoje, dia 3 de jluho, o credenciamento de padres e di\u00e1conos para a Santa Missa que Papa Francisco vai celebrar em Aparecida no dia 24 de julho \u00e0s 10h30. O motivo para antecipa\u00e7\u00e3o do encerramento, que seria feito at\u00e9 amanh\u00e3, dia 4, \u00e9 a defini\u00e7\u00e3o de que a missa ser\u00e1 realizada dentro da Bas\u00edlica Nacional, o que limita o n\u00famero de concelebrantes.<\/span><\/p>\n<p style=\"margin: 9.6pt 0cm 0.0001pt;text-align: justify\">\n<p style=\"margin: 9.6pt 0cm 0.0001pt;text-align: justify\"><span style=\"font-family: Arial, sans-serif\">As credenciais dever\u00e3o ser retiradas na Secretaria de Pastoral entre os dias 13 e 23 de julho.\u00a0Os telefones dispon\u00edveis para informa\u00e7\u00f5es s\u00e3o (12) 3104-1693 e 3104-1696. A secretaria informa que os arce(bispos) dever\u00e3o trazer mitra branca, solid\u00e9u e t\u00fanica no dia da celebra\u00e7\u00e3o. Os padres dever\u00e3o trazer t\u00fanica ou alva pr\u00f3pria.<\/span><\/p>\n","protected":false},"excerpt":{"rendered":"<p>O Santu\u00e1rio Nacional de Aparecida encerrou hoje, dia 3 de jluho, o credenciamento de padres e di\u00e1conos para a Santa Missa que Papa Francisco vai celebrar em Aparecida no dia 24 de julho \u00e0s 10h30. O motivo para antecipa\u00e7\u00e3o do encerramento, que seria feito at\u00e9 amanh\u00e3, dia 4, \u00e9 a defini\u00e7\u00e3o de que a missa &hellip;<\/p>\n<p class=\"read-more\"> <a class=\"\" href=\"https:\/\/www.cnbb.org.br\/santuario-encerra-cadastramento-de-padres-e-diaconos-para-missa-com-papa\/\"> <span class=\"screen-reader-text\">Santu\u00e1rio encerra cadastramento de padres e di\u00e1conos para missa com Papa<\/span> Leia mais &raquo;<\/a><\/p>\n","protected":false},"author":83,"featured_media":2749,"comment_status":"open","ping_status":"open","sticky":false,"template":"","format":"standard","meta":{"site-sidebar-layout":"default","site-content-layout":"default","ast-global-header-display":"","ast-banner-title-visibility":"","ast-main-header-display":"","ast-hfb-above-header-display":"","ast-hfb-below-header-display":"","ast-hfb-mobile-header-display":"","site-post-title":"","ast-breadcrumbs-content":"","ast-featured-img":"","footer-sml-layout":"","theme-transparent-header-meta":"","adv-header-id-meta":"","stick-header-meta":"","header-above-stick-meta":"","header-main-stick-meta":"","header-below-stick-meta":""},"categories":[807],"tags":[],"acf":[],"_links":{"self":[{"href":"https:\/\/www.cnbb.org.br\/cnbb-app\/wp\/v2\/posts\/18957"}],"collection":[{"href":"https:\/\/www.cnbb.org.br\/cnbb-app\/wp\/v2\/posts"}],"about":[{"href":"https:\/\/www.cnbb.org.br\/cnbb-app\/wp\/v2\/types\/post"}],"author":[{"embeddable":true,"href":"https:\/\/www.cnbb.org.br\/cnbb-app\/wp\/v2\/users\/83"}],"replies":[{"embeddable":true,"href":"https:\/\/www.cnbb.org.br\/cnbb-app\/wp\/v2\/comments?post=18957"}],"version-history":[{"count":0,"href":"https:\/\/www.cnbb.org.br\/cnbb-app\/wp\/v2\/posts\/18957\/revisions"}],"wp:featuredmedia":[{"embeddable":true,"href":"https:\/\/www.cnbb.org.br\/cnbb-app\/wp\/v2\/media\/2749"}],"wp:attachment":[{"href":"https:\/\/www.cnbb.org.br\/cnbb-app\/wp\/v2\/media?parent=18957"}],"wp:term":[{"taxonomy":"category","embeddable":true,"href":"https:\/\/www.cnbb.org.br\/cnbb-app\/wp\/v2\/categories?post=18957"},{"taxonomy":"post_tag","embeddable":true,"href":"https:\/\/www.cnbb.org.br\/cnbb-app\/wp\/v2\/tags?post=18957"}],"curies":[{"name":"wp","href":"https:\/\/api.w.org\/{rel}","templated":true}]}}