{"id":18966,"date":"2016-07-07T00:00:00","date_gmt":"2016-07-07T03:00:00","guid":{"rendered":"https:\/\/www.cnbb.org.br\/cnbb-e-entidades-denunciam-desmonte-do-sus-no-senado\/"},"modified":"2020-03-11T16:57:18","modified_gmt":"2020-03-11T19:57:18","slug":"cnbb-e-entidades-denunciam-desmonte-do-sus-no-senado","status":"publish","type":"post","link":"https:\/\/www.cnbb.org.br\/cnbb-e-entidades-denunciam-desmonte-do-sus-no-senado\/","title":{"rendered":"No Senado, CNBB e entidades defendem o SUS"},"content":{"rendered":"<p style=\"font-size: 12.16px;line-height: 15.808px\"><span style=\"font-size: 12.16px;line-height: 15.808px;text-align: justify\">Evento contou com a participa\u00e7\u00e3o de dom Leonardo Steiner e dom Roberto Ferrer\u00eda Paz<\/span><\/p>\n<p><!--more--><\/p>\n<p style=\"text-align: justify\">\n<p style=\"text-align: justify\">Uma audi\u00eancia p\u00fablica realizada na ter\u00e7a-feira, dia 5, na Comiss\u00e3o de Direitos Humanos (CDH) do Senado, reuniu especialistas e representantes de entidades em defesa do Sistema \u00danico de Sa\u00fade (SUS) e dos direitos sociais. O bispo auxiliar de Bras\u00edlia (DF) e secret\u00e1rio geral da Confer\u00eancia Nacional dos Bispos do Brasil (CNBB), dom Leonardo Steiner, falou sobre a Proposta de Emenda \u00e0 Constitui\u00e7\u00e3o (PEC) 241\/2016, que estabelece um teto para gastos p\u00fablicos e que significar\u00e1, segundo ele, um \u201cretrocesso\u201d para o Pa\u00eds.<\/p>\n<p style=\"text-align: justify\">\u201cA quest\u00e3o fundamental que eu ressaltei \u00e9 o cuidado com os pobres\u201d, disse dom Leonardo. \u201cO SUS \u00e9 a tentativa de integra\u00e7\u00e3o social das pessoas, \u00e9 a tentativa da Constitui\u00e7\u00e3o brasileira de dar rosto aos necessitados. Se agora come\u00e7amos a desvincular a contribui\u00e7\u00e3o necess\u00e1ria \u00e0 sa\u00fade p\u00fablica, n\u00f3s estamos retirando a possibilidade de uma participa\u00e7\u00e3o, de um atendimento dos pobres\u201d, alertou.<\/p>\n<p style=\"text-align: justify\">Com a participa\u00e7\u00e3o de representantes da Pastoral da Sa\u00fade, do Grito dos Exclu\u00eddos Continental, da Comiss\u00e3o Brasileira de Justi\u00e7a e Paz (CBJP), do Instituto de Fiscaliza\u00e7\u00e3o e Controle do SUS e do Conselho Nacional de Sa\u00fade (CNS), a audi\u00eancia foi marcada pelo debate em torno da garantia do financiamento do Sistema \u00danico de Sa\u00fade em tempos de crise econ\u00f4mica.<\/p>\n<p style=\"text-align: justify\">Dom Leonardo \u00a0lembrou da Campanha da Fraternidade de 2012, cujo tema foi \u201cFraternidade e Sa\u00fade P\u00fablica\u201d, e a posterior mobiliza\u00e7\u00e3o em torno do projeto \u201cSa\u00fade + 10\u201d que levou ao Congresso Nacional mais de 1,9 milh\u00e3o de assinaturas visando um projeto de lei que assegurasse 10% da arrecada\u00e7\u00e3o para o financiamento do SUS. O projeto segue parado\u00a0na C\u00e2mara dos Deputados.<\/p>\n<h3 style=\"text-align: justify\">Pastoral da Sa\u00fade<\/h3>\n<p class=\"MsoNormal\" style=\"text-align: justify\">O bispo de Campos (RJ) e referencial da Pastoral da Sa\u00fade, dom Roberto Francisco Ferrer\u00eda Paz, tamb\u00e9m participou da audi\u00eancia p\u00fablica. A Pastoral est\u00e1 envolvida desde o ano passado em uma mobiliza\u00e7\u00e3o em favor do SUS e dos direitos sociais, com a realiza\u00e7\u00e3o de f\u00f3runs, semin\u00e1rios e a\u00e7\u00f5es em eventos nacionais.<\/p>\n<p class=\"MsoNormal\" style=\"text-align: justify\"><img decoding=\"async\" loading=\"lazy\" class=\" alignright size-full wp-image-29857\" style=\"float: right\" src=\"https:\/\/www.cnbb.org.br\/wp-content\/uploads\/2020\/03\/Marcha-saude.jpg\" alt=\"\" width=\"418\" height=\"234\" \/>Ainda na audi\u00eancia p\u00fablica, os participantes chamaram aten\u00e7\u00e3o para a falta de regulariza\u00e7\u00e3o de sistema de auditoria no Minist\u00e9rio da Sa\u00fade; a oposi\u00e7\u00e3o \u00e0s quest\u00f5es de seguridade social por parte de segmentos \u201cidentificados com uma organiza\u00e7\u00e3o do\u00a0Pa\u00eds dentro de um modelo econ\u00f4mico liberal\u201d; e o alinhamento de autoridades do Minist\u00e9rio com o setor privado de sa\u00fade.<\/p>\n<h3 class=\"MsoNormal\" style=\"text-align: justify\">Manifesta\u00e7\u00e3o<\/h3>\n<p style=\"text-align: justify\">Integrantes das entidades que participaram da audi\u00eancia p\u00fablica na ter\u00e7a-feira realizaram, ontem, \u00a06, a Marcha em Defesa da Sa\u00fade, da Seguridade Social e da Democracia, na Esplanada dos Minist\u00e9rios, em Bras\u00edlia. A mobiliza\u00e7\u00e3o, de acordo com os organizadores, foi contra as medidas anunciadas pelo governo interino \u201cque promove perdas de direitos e o desmonte da sa\u00fade p\u00fablica\u201d. Manifesta\u00e7\u00f5es, como a ocorrida na capital federal, aconteceram paralelamente em outros locais do\u00a0Pa\u00eds. O ato teve a participa\u00e7\u00e3o de dom Roberto Ferrer\u00eda Paz e outros integrantes da coordena\u00e7\u00e3o nacional da Pastoral da Sa\u00fade.<\/p>\n<h5 style=\"text-align: justify\">Com fotografia de Geraldo Magela\/Ag\u00eancia Senado<\/h5>\n","protected":false},"excerpt":{"rendered":"<p>Evento contou com a participa\u00e7\u00e3o de dom Leonardo Steiner e dom Roberto Ferrer\u00eda Paz<\/p>\n","protected":false},"author":83,"featured_media":18967,"comment_status":"open","ping_status":"open","sticky":false,"template":"","format":"standard","meta":{"site-sidebar-layout":"default","site-content-layout":"default","ast-global-header-display":"","ast-banner-title-visibility":"","ast-main-header-display":"","ast-hfb-above-header-display":"","ast-hfb-below-header-display":"","ast-hfb-mobile-header-display":"","site-post-title":"","ast-breadcrumbs-content":"","ast-featured-img":"","footer-sml-layout":"","theme-transparent-header-meta":"","adv-header-id-meta":"","stick-header-meta":"","header-above-stick-meta":"","header-main-stick-meta":"","header-below-stick-meta":""},"categories":[807],"tags":[],"acf":[],"_links":{"self":[{"href":"https:\/\/www.cnbb.org.br\/cnbb-app\/wp\/v2\/posts\/18966"}],"collection":[{"href":"https:\/\/www.cnbb.org.br\/cnbb-app\/wp\/v2\/posts"}],"about":[{"href":"https:\/\/www.cnbb.org.br\/cnbb-app\/wp\/v2\/types\/post"}],"author":[{"embeddable":true,"href":"https:\/\/www.cnbb.org.br\/cnbb-app\/wp\/v2\/users\/83"}],"replies":[{"embeddable":true,"href":"https:\/\/www.cnbb.org.br\/cnbb-app\/wp\/v2\/comments?post=18966"}],"version-history":[{"count":0,"href":"https:\/\/www.cnbb.org.br\/cnbb-app\/wp\/v2\/posts\/18966\/revisions"}],"wp:featuredmedia":[{"embeddable":true,"href":"https:\/\/www.cnbb.org.br\/cnbb-app\/wp\/v2\/media\/18967"}],"wp:attachment":[{"href":"https:\/\/www.cnbb.org.br\/cnbb-app\/wp\/v2\/media?parent=18966"}],"wp:term":[{"taxonomy":"category","embeddable":true,"href":"https:\/\/www.cnbb.org.br\/cnbb-app\/wp\/v2\/categories?post=18966"},{"taxonomy":"post_tag","embeddable":true,"href":"https:\/\/www.cnbb.org.br\/cnbb-app\/wp\/v2\/tags?post=18966"}],"curies":[{"name":"wp","href":"https:\/\/api.w.org\/{rel}","templated":true}]}}