{"id":18991,"date":"2012-07-10T00:00:00","date_gmt":"2012-07-10T03:00:00","guid":{"rendered":"https:\/\/www.cnbb.org.br\/presidente-da-republica-lamenta-morte-de-dom-eugenio\/"},"modified":"2020-03-11T19:58:14","modified_gmt":"2020-03-11T22:58:14","slug":"presidente-da-republica-lamenta-morte-de-dom-eugenio","status":"publish","type":"post","link":"https:\/\/www.cnbb.org.br\/presidente-da-republica-lamenta-morte-de-dom-eugenio\/","title":{"rendered":"Presidente da Rep\u00fablica lamenta morte de dom Eug\u00eanio"},"content":{"rendered":"<p style=\"text-align: justify\">A presidenta Dilma Rousseff emitiu, nesta ter\u00e7a-feira, 10 de julho, uma nota de pesar pelo falecimento do cardeal dom Eug\u00eanio\u00a0 de Ara\u00fajo Sales. Ela afirma que o arcebispo em\u00e9rito do Rio de Janeiro &#8220;deixa seu nome inscrito na hist\u00f3ria da Igreja Cat\u00f3lica pelo relevante papel que desempenhou em toda a sua vida&#8221;.<\/p>\n<p><!--more--><\/p>\n<p style=\"text-align: justify\">Leia a nota:<\/p>\n<p style=\"text-align: justify\">&#8220;O cardeal Dom Eugenio de Ara\u00fajo Sales, arcebispo em\u00e9rito do Rio de Janeiro, deixa seu nome inscrito na hist\u00f3ria da Igreja Cat\u00f3lica pelo relevante papel que desempenhou em toda a sua vida. Em sua trajet\u00f3ria, a preocupa\u00e7\u00e3o social sempre esteve associada ao trabalho eclesi\u00e1stico, como bem sintetizam as Campanhas da Fraternidade, uma de suas iniciativas, que marcam a a\u00e7\u00e3o da igreja em todo o Brasil. Neste momento de pesar, levo minha solidariedade ao povo do Rio de Janeiro e a todos os admiradores, familiares e amigos de D. Eugenio.<\/p>\n<div style=\"text-align: justify\"><\/div>\n<p style=\"text-align: justify\">Dilma Rousseff<br \/>\nPresidenta da Rep\u00fablica Federativa do Brasil<\/p>\n","protected":false},"excerpt":{"rendered":"<p>A presidenta Dilma Rousseff emitiu, nesta ter\u00e7a-feira, 10 de julho, uma nota de pesar pelo falecimento do cardeal dom Eug\u00eanio\u00a0 de Ara\u00fajo Sales. Ela afirma que o arcebispo em\u00e9rito do Rio de Janeiro &#8220;deixa seu nome inscrito na hist\u00f3ria da Igreja Cat\u00f3lica pelo relevante papel que desempenhou em toda a sua vida&#8221;.<\/p>\n","protected":false},"author":83,"featured_media":18992,"comment_status":"open","ping_status":"open","sticky":false,"template":"","format":"standard","meta":{"site-sidebar-layout":"default","site-content-layout":"default","ast-global-header-display":"","ast-banner-title-visibility":"","ast-main-header-display":"","ast-hfb-above-header-display":"","ast-hfb-below-header-display":"","ast-hfb-mobile-header-display":"","site-post-title":"","ast-breadcrumbs-content":"","ast-featured-img":"","footer-sml-layout":"","theme-transparent-header-meta":"","adv-header-id-meta":"","stick-header-meta":"","header-above-stick-meta":"","header-main-stick-meta":"","header-below-stick-meta":""},"categories":[1654],"tags":[],"acf":[],"_links":{"self":[{"href":"https:\/\/www.cnbb.org.br\/cnbb-app\/wp\/v2\/posts\/18991"}],"collection":[{"href":"https:\/\/www.cnbb.org.br\/cnbb-app\/wp\/v2\/posts"}],"about":[{"href":"https:\/\/www.cnbb.org.br\/cnbb-app\/wp\/v2\/types\/post"}],"author":[{"embeddable":true,"href":"https:\/\/www.cnbb.org.br\/cnbb-app\/wp\/v2\/users\/83"}],"replies":[{"embeddable":true,"href":"https:\/\/www.cnbb.org.br\/cnbb-app\/wp\/v2\/comments?post=18991"}],"version-history":[{"count":0,"href":"https:\/\/www.cnbb.org.br\/cnbb-app\/wp\/v2\/posts\/18991\/revisions"}],"wp:featuredmedia":[{"embeddable":true,"href":"https:\/\/www.cnbb.org.br\/cnbb-app\/wp\/v2\/media\/18992"}],"wp:attachment":[{"href":"https:\/\/www.cnbb.org.br\/cnbb-app\/wp\/v2\/media?parent=18991"}],"wp:term":[{"taxonomy":"category","embeddable":true,"href":"https:\/\/www.cnbb.org.br\/cnbb-app\/wp\/v2\/categories?post=18991"},{"taxonomy":"post_tag","embeddable":true,"href":"https:\/\/www.cnbb.org.br\/cnbb-app\/wp\/v2\/tags?post=18991"}],"curies":[{"name":"wp","href":"https:\/\/api.w.org\/{rel}","templated":true}]}}