{"id":18993,"date":"2012-08-07T00:00:00","date_gmt":"2012-08-07T03:00:00","guid":{"rendered":"https:\/\/www.cnbb.org.br\/mensagem-aos-diaconos-permanentes-do-brasil\/"},"modified":"2012-08-07T00:00:00","modified_gmt":"2012-08-07T03:00:00","slug":"mensagem-aos-diaconos-permanentes-do-brasil","status":"publish","type":"post","link":"https:\/\/www.cnbb.org.br\/mensagem-aos-diaconos-permanentes-do-brasil\/","title":{"rendered":"Mensagem aos Di\u00e1conos Permanentes do Brasil"},"content":{"rendered":"<p style=\"text-align: justify\">Em agosto, m\u00eas das voca\u00e7\u00f5es, deparamo-nos com a voca\u00e7\u00e3o diaconal e a presbiteral. No dia 10 de agosto, \u00e9 celebrado o &#8220;dia do di\u00e1cono&#8221;, na festa de S\u00e3o Louren\u00e7o, di\u00e1cono e m\u00e1rtir e patrono dos di\u00e1conos. Em celebra\u00e7\u00e3o a essa importante data, o Presidente da Comiss\u00e3o para os Minist\u00e9rios Ordenados e a Vida Consagrada, dom Pedro Brito Guimar\u00e3es, sa\u00fada aos di\u00e1conos permanentes do Brasil e lembra que\u00a0 \u201cquem aceita seguir Jesus, como seu disc\u00edpulo, assume a condi\u00e7\u00e3o de servo, com a voca\u00e7\u00e3o de servir.\u201d<\/p>\n<p><!--more--><\/p>\n<p style=\"text-align: justify\">Leia a mensagem na \u00edntegra:<\/p>\n<p style=\"text-align: justify\">\n<p style=\"text-align: justify\">Bras\u00edlia-DF, 7 de agosto de 2012<\/p>\n<p style=\"text-align: center\"><strong>Mensagem aos Di\u00e1conos Permanentes do Brasil<\/strong><\/p>\n<p style=\"text-align: center\">Amados irm\u00e3os di\u00e1conos,<\/p>\n<p style=\"text-align: center\">Tenho Sede!<\/p>\n<p style=\"text-align: justify\">A diaconia da Igreja decorre da sua \u00edntima uni\u00e3o \u00e0 miss\u00e3o do pr\u00f3prio Cristo, que disse de si mesmo: &#8220;Pois o Filho do Homem n\u00e3o veio para ser servido, mas para servir e dar a vida em resgate por muitos&#8221; (Mc 10,45). Jesus definiu a sua miss\u00e3o como um servi\u00e7o que, no fundo, era a realiza\u00e7\u00e3o da vontade do Pai e do seu des\u00edgnio de salva\u00e7\u00e3o. \u00c9 assim que Ele se apresenta como Servo que deseja ser reconhecido, seguido e imitado: &#8220;eu estou no meio de v\u00f3s como aquele que serve&#8221; (Lc 22,27); &#8220;Dei-vos o exemplo para que v\u00f3s possais agir como Eu agi em rela\u00e7\u00e3o a v\u00f3s&#8221; (Jo 13,15). A atitude do servo sup\u00f5e a obedi\u00eancia. Servir \u00e9 obedecer e p\u00f4r a vida a servi\u00e7o da vontade e do projeto do Pai que O enviou. &#8220;\u00c9 preciso que o mundo saiba que eu amo o Pai e fa\u00e7o como o Pai me mandou&#8221; (Jo 14,31). Portanto, quem aceita seguir Jesus, como seu disc\u00edpulo, assume a condi\u00e7\u00e3o de servo, com a voca\u00e7\u00e3o de servir.<\/p>\n<p style=\"text-align: justify\">A diaconia na Igreja cat\u00f3lica tem a sua origem na diaconia de Jesus. O diaconato \u00e9 sacramento da caridade aos pobres e exclu\u00eddos. Voc\u00eas, caros di\u00e1conos, \u201cs\u00e3o ordenados para o servi\u00e7o da Palavra, da caridade e da liturgia, especialmente para os sacramentos do batismo e do matrim\u00f4nio; tamb\u00e9m para acompanhar a forma\u00e7\u00e3o de novas comunidades eclesiais, especialmente nas fronteiras geogr\u00e1ficas e culturais, onde ordinariamente n\u00e3o chega a a\u00e7\u00e3o evangelizadora da Igreja\u201d (DAp 205). Isto quer dizer que voc\u00eas, di\u00e1conos, n\u00e3o s\u00e3o ordenados para voc\u00eas mesmos, nem para se colocar acima dos demais leigos, nem para desempenhar fun\u00e7\u00f5es diferentes da dos presb\u00edteros e dos bispos, mas para a miss\u00e3o, al\u00e9m do mundo que nos rodeia, para al\u00e9m das fronteiras da f\u00e9. Pelo testemunho de vida doada \u00e0 miss\u00e3o, incorporados a Jesus Cristo, servo e servidor, voc\u00eas, por meio do sacramento da ordem, devem revelar a dimens\u00e3o especial da diaconia do minist\u00e9rio ordenado, ajudando a construir um mundo mais de acordo com o projeto de Deus.<\/p>\n<p style=\"text-align: justify\">O Conc\u00edlio Vaticano II, no texto da restaura\u00e7\u00e3o do diaconado, lembra: \u201cdedicados aos of\u00edcios da caridade e da administra\u00e7\u00e3o, lembrem-se os di\u00e1conos do conselho do bem-aventurado Policarpo: \u2018Misericordiosos e diligentes, procedam em harmonia com a verdade do Senhor, que se fez servidor de todos\u2019\u201d (LG 29).<\/p>\n<p style=\"text-align: justify\">Por causa da dupla sacramentalidade, \u00e9 de particular import\u00e2ncia para voc\u00eas, di\u00e1conos, chamados a serem homens de comunh\u00e3o e de servi\u00e7o, a capacidade de inter-rela\u00e7\u00f5es com todos. Voc\u00eas s\u00e3o di\u00e1conos na fam\u00edlia, na Igreja, na sociedade e nos locais de conviv\u00eancia e de trabalho. Isto exige que voc\u00eas sejam, a exemplo de Abra\u00e3o, obedientes, acolhedores, diligentes, caridosos (Gn 22,1ss;18,1ss), af\u00e1veis, hospitaleiros, sinceros nas palavras e no cora\u00e7\u00e3o, prudentes e discretos, generosos e dispon\u00edveis no servi\u00e7o, capazes de se oferecer pessoalmente e de suscitar, em todos, rela\u00e7\u00f5es genu\u00ednas e fraternas, prontos a compreender, perdoar e consolar.<\/p>\n<p style=\"text-align: justify\">Os elementos que mais caracterizam a espiritualidade diaconal s\u00e3o a op\u00e7\u00e3o pelo servi\u00e7o, miss\u00e3o e partilha de vida, a exemplo do amor de Jesus Cristo, que n\u00e3o veio para ser servido, mas para servir. Voc\u00eas, di\u00e1conos, devem, por isso, ser formados para adquirir, cotidiana e progressivamente as atitudes, que, embora n\u00e3o sejam exclusivamente do di\u00e1cono, s\u00e3o sinais deste minist\u00e9rio: a simplicidade de cora\u00e7\u00e3o, o dom total e desinteressado de si, o amor humilde e servi\u00e7o aos irm\u00e3os, sobretudo aos mais pobres, sofredores e necessitados, e a escolha de um estilo de vida baseada na partilha, na pobreza e na miss\u00e3o.<\/p>\n<p style=\"text-align: justify\">O minist\u00e9rio que voc\u00eas recebem tem como miss\u00e3o ajudar a abrir os olhos da Igreja e da sociedade para enxergar a realidade dos pobres, exclu\u00eddos, marginalizados, desamparados. Ao mesmo tempo suscitar a\u00e7\u00f5es, n\u00e3o apenas moment\u00e2neas e circunstanciais, mas permanentes, que conduzam \u00e0 recupera\u00e7\u00e3o completa do bem estar e da cidadania crist\u00e3 dos assaltados pelo capitalismo desumano. O di\u00e1cono \u00e9 construtor da solidariedade, na medida em que, pelo seu minist\u00e9rio da caridade, anima e suscita a solidariedade e o servi\u00e7o em toda a Igreja.<\/p>\n<p style=\"text-align: justify\">Por ocasi\u00e3o da festa do m\u00e1rtir S\u00e3o Louren\u00e7o, patrono dos di\u00e1conos, celebrada no dia 10 de agosto, manifestamos nossa cordial sauda\u00e7\u00e3o a todos voc\u00eas, di\u00e1conos permanentes do Brasil, com suas fam\u00edlias &#8211; esposas, filhos e filhas -, bem como aos candidatos das Escolas Diaconais, \u00e0s Diaconias e \u00e0 Comiss\u00e3o Nacional dos Di\u00e1conos. Lembrando, por fim, o que diz o Documento de Aparecida: \u201cA V Confer\u00eancia espera dos di\u00e1conos um testemunho evang\u00e9lico e impulso mission\u00e1rio para que sejam ap\u00f3stolos em suas fam\u00edlias, em seus trabalhos, em suas comunidades e nas novas fronteiras da miss\u00e3o\u201d (DAp 208).<\/p>\n<p style=\"text-align: justify\">Esperamos que as Diretrizes para o Diaconado Permanente da Igreja no Brasil passem a ser o manual de instru\u00e7\u00e3o, a fim de que o diaconado seja implantado em todas as dioceses do Brasil.<\/p>\n<p style=\"text-align: justify\">Que Maria, serva e m\u00e3e do Belo Amor, que guardou e meditou radicalmente a Palavra de Deus em seu cora\u00e7\u00e3o, sirva de modelo para o servi\u00e7o que voc\u00eas exercem na Igreja e na sociedade.<\/p>\n<p style=\"text-align: justify\">\u201cAmo a todos voc\u00eas no Cristo Jesus\u201d (1Cor 16,24).<\/p>\n<p style=\"text-align: justify\">Com minha b\u00ean\u00e7\u00e3o,<\/p>\n<p style=\"text-align: center\"><strong>Dom Pedro Brito Guimar\u00e3es<\/strong>,<br \/>\nArcebispo de Palmas e Presidente da Comiss\u00e3o para os Minist\u00e9rios Ordenados e a Vida Consagrada<\/p>\n","protected":false},"excerpt":{"rendered":"<p>Em agosto, m\u00eas das voca\u00e7\u00f5es, deparamo-nos com a voca\u00e7\u00e3o diaconal e a presbiteral. No dia 10 de agosto, \u00e9 celebrado o &#8220;dia do di\u00e1cono&#8221;, na festa de S\u00e3o Louren\u00e7o, di\u00e1cono e m\u00e1rtir e patrono dos di\u00e1conos. Em celebra\u00e7\u00e3o a essa importante data, o Presidente da Comiss\u00e3o para os Minist\u00e9rios Ordenados e a Vida Consagrada, dom &hellip;<\/p>\n<p class=\"read-more\"> <a class=\"\" href=\"https:\/\/www.cnbb.org.br\/mensagem-aos-diaconos-permanentes-do-brasil\/\"> <span class=\"screen-reader-text\">Mensagem aos Di\u00e1conos Permanentes do Brasil<\/span> Leia mais &raquo;<\/a><\/p>\n","protected":false},"author":83,"featured_media":6771,"comment_status":"open","ping_status":"open","sticky":false,"template":"","format":"standard","meta":{"site-sidebar-layout":"default","site-content-layout":"default","ast-global-header-display":"","ast-banner-title-visibility":"","ast-main-header-display":"","ast-hfb-above-header-display":"","ast-hfb-below-header-display":"","ast-hfb-mobile-header-display":"","site-post-title":"","ast-breadcrumbs-content":"","ast-featured-img":"","footer-sml-layout":"","theme-transparent-header-meta":"","adv-header-id-meta":"","stick-header-meta":"","header-above-stick-meta":"","header-main-stick-meta":"","header-below-stick-meta":""},"categories":[783],"tags":[],"acf":[],"_links":{"self":[{"href":"https:\/\/www.cnbb.org.br\/cnbb-app\/wp\/v2\/posts\/18993"}],"collection":[{"href":"https:\/\/www.cnbb.org.br\/cnbb-app\/wp\/v2\/posts"}],"about":[{"href":"https:\/\/www.cnbb.org.br\/cnbb-app\/wp\/v2\/types\/post"}],"author":[{"embeddable":true,"href":"https:\/\/www.cnbb.org.br\/cnbb-app\/wp\/v2\/users\/83"}],"replies":[{"embeddable":true,"href":"https:\/\/www.cnbb.org.br\/cnbb-app\/wp\/v2\/comments?post=18993"}],"version-history":[{"count":0,"href":"https:\/\/www.cnbb.org.br\/cnbb-app\/wp\/v2\/posts\/18993\/revisions"}],"wp:featuredmedia":[{"embeddable":true,"href":"https:\/\/www.cnbb.org.br\/cnbb-app\/wp\/v2\/media\/6771"}],"wp:attachment":[{"href":"https:\/\/www.cnbb.org.br\/cnbb-app\/wp\/v2\/media?parent=18993"}],"wp:term":[{"taxonomy":"category","embeddable":true,"href":"https:\/\/www.cnbb.org.br\/cnbb-app\/wp\/v2\/categories?post=18993"},{"taxonomy":"post_tag","embeddable":true,"href":"https:\/\/www.cnbb.org.br\/cnbb-app\/wp\/v2\/tags?post=18993"}],"curies":[{"name":"wp","href":"https:\/\/api.w.org\/{rel}","templated":true}]}}