{"id":18998,"date":"2016-06-16T00:00:00","date_gmt":"2016-06-16T03:00:00","guid":{"rendered":"https:\/\/www.cnbb.org.br\/cnbb-divulga-orientacoes-pastorais-sobre-o-acesso-de-pessoas-celiacas-a-comunhao-eucaristica\/"},"modified":"2016-06-16T00:00:00","modified_gmt":"2016-06-16T03:00:00","slug":"cnbb-divulga-orientacoes-pastorais-sobre-o-acesso-de-pessoas-celiacas-a-comunhao-eucaristica","status":"publish","type":"post","link":"https:\/\/www.cnbb.org.br\/cnbb-divulga-orientacoes-pastorais-sobre-o-acesso-de-pessoas-celiacas-a-comunhao-eucaristica\/","title":{"rendered":"CNBB divulga orienta\u00e7\u00f5es pastorais sobre o acesso de pessoas cel\u00edacas \u00e0 Comunh\u00e3o Eucar\u00edstica"},"content":{"rendered":"<p>Entre as orienta\u00e7\u00f5es est\u00e1 o uso do p\u00e3o com pouca quantidade de gl\u00faten<\/p>\n<p><!--more--><\/p>\n<p style=\"text-align: justify\">O Conselho Permanente da Confer\u00eancia Nacional dos Bispos do Brasil (CNBB) aprovou, no dia 16 de junho, orienta\u00e7\u00f5es pastorais\u00a0sobre o acesso das pessoas cel\u00edacas \u00e0 Comunh\u00e3o Eucar\u00edstica. No texto, \u00e9 explicada a indica\u00e7\u00e3o da Congrega\u00e7\u00e3o para a Doutrina da F\u00e9, a qual afirma que os \u201cordin\u00e1rios podem conceder aos presb\u00edteros e aos leigos afetados pela doen\u00e7a cel\u00edaca a permiss\u00e3o de usar p\u00e3o com pouca quantidade de gl\u00faten\u201d.<\/p>\n<p style=\"text-align: justify\">No documento, os bispos sugerem ainda uma \u201corganiza\u00e7\u00e3o lit\u00fargica que inclua procedimentos adequados \u00e0s necessidades das pessoas cel\u00edacas, para que elas n\u00e3o venham a sofrer discrimina\u00e7\u00e3o e se sintam plenamente acolhidas e integradas na vida da Igreja\u201d.\u00a0Confira, abaixo, a nota na \u00edntegra.<\/p>\n<p style=\"text-align: center\"><strong>Orienta\u00e7\u00f5es Pastorais sobre o acesso das pessoas cel\u00edacas \u00e0 Comunh\u00e3o Eucar\u00edstica<\/strong><\/p>\n<p style=\"text-align: justify\">A doen\u00e7a cel\u00edaca \u00e9 uma condi\u00e7\u00e3o autoimune, desencadeada pelo consumo do gl\u00faten presente no trigo, na aveia, na cevada, no centeio e em todos os derivados destes cereais. Ela pode se manifestar em qualquer fase da vida, afetando todo o corpo e, se n\u00e3o tratada, pode trazer consequ\u00eancias graves para a sa\u00fade das pessoas cel\u00edacas. H\u00e1 formas dessa doen\u00e7a em que a pessoa \u00e9 afetada at\u00e9 mesmo pela presen\u00e7a de tra\u00e7os de gl\u00faten ou at\u00e9 pelo simples contato com ele. Segundo as estat\u00edsticas, a cada 400 pessoas, uma \u00e9 cel\u00edaca. Isto coloca um desafio particular para a comunh\u00e3o eucar\u00edstica segura dessas pessoas.<\/p>\n<p style=\"text-align: justify\">A Congrega\u00e7\u00e3o para a Doutrina da F\u00e9 deu orienta\u00e7\u00f5es a esse respeito (cartas circulares aos presidentes das Confer\u00eancias Episcopais \u2013 junho de 1995 e julho de 2003). De acordo com essas orienta\u00e7\u00f5es, os Ordin\u00e1rios podem conceder aos presb\u00edteros e aos leigos afetados pela doen\u00e7a cel\u00edaca a permiss\u00e3o de usar p\u00e3o com pouca quantidade de gl\u00faten. A Congrega\u00e7\u00e3o adverte, no entanto, que essa quantidade deve ser suficiente para a obten\u00e7\u00e3o da panifica\u00e7\u00e3o, n\u00e3o podendo ser acrescentada nenhuma mat\u00e9ria estranha \u00e0 subst\u00e2ncia do p\u00e3o. Estabelece ainda que, quando o fluxo cel\u00edaco \u00e9 tal que impe\u00e7a a comunh\u00e3o sob a esp\u00e9cie do p\u00e3o, mesmo parcialmente desprovido de gl\u00faten, o fiel leigo pode comungar somente sob a esp\u00e9cie do vinho. O presb\u00edtero que se encontrar nesta condi\u00e7\u00e3o pode comungar somente sob a esp\u00e9cie do vinho quando participar em uma concelebra\u00e7\u00e3o. \u00c9 dever do Ordin\u00e1rio certificar-se de que o produto utilizado seja conforme a estas exig\u00eancias. Esta licen\u00e7a pode ser dada para o per\u00edodo que durar a situa\u00e7\u00e3o que motiva o pedido.<\/p>\n<p style=\"text-align: justify\">Requer-se, portanto, uma organiza\u00e7\u00e3o lit\u00fargica que inclua procedimentos adequados \u00e0s necessidades das pessoas cel\u00edacas, para que elas n\u00e3o venham a sofrer discrimina\u00e7\u00e3o e se sintam plenamente acolhidas e integradas na vida da Igreja. \u00c9 importante que bispos, presb\u00edteros, di\u00e1conos e ministros extraordin\u00e1rios da comunh\u00e3o eucar\u00edstica tenham conhecimento a respeito desta doen\u00e7a e tomem consci\u00eancia dos cuidados que ela exige. A fim de garantir a comunh\u00e3o eucar\u00edstica segura das pessoas cel\u00edacas \u00e9 preciso aten\u00e7\u00e3o ainda ao risco de contamina\u00e7\u00e3o com tra\u00e7os de gl\u00faten nas part\u00edculas especiais e no vinho durante o armazenamento ou o manuseio.<\/p>\n<p style=\"text-align: justify\">Em vista da aten\u00e7\u00e3o e dos cuidados necess\u00e1rios, recomendamos que:<\/p>\n<p style=\"text-align: justify\">1)\u00a0as pessoas cel\u00edacas apresentem-se ao p\u00e1roco, para que ele possa tomar as provid\u00eancias adequadas;<\/p>\n<p style=\"text-align: justify\">2)\u00a0as pessoas cel\u00edacas tenham acesso \u00e0s part\u00edculas especiais v\u00e1lidas para a comunh\u00e3o;<\/p>\n<p style=\"text-align: justify\">3)\u00a0o armazenamento dessas part\u00edculas, a prepara\u00e7\u00e3o delas para a Santa Missa e a sua distribui\u00e7\u00e3o no momento da comunh\u00e3o, sigam as regras de seguran\u00e7a para estes casos;<\/p>\n<p style=\"text-align: justify\">4)\u00a0as tecas destinadas ao servi\u00e7o da comunh\u00e3o para as pessoas cel\u00edacas sejam reservadas para esse fim e conservadas em separado das demais;<\/p>\n<p style=\"text-align: justify\">5)\u00a0haja c\u00e1lices especiais para os que podem comungar somente na esp\u00e9cie do vinho;<\/p>\n<p style=\"text-align: justify\">6)\u00a0os c\u00e1lices e os sanguinhos usados para sua purifica\u00e7\u00e3o sejam conservados em separado;<\/p>\n<p style=\"text-align: justify\">7)\u00a0aos menores de dezoito anos e \u00e0s pessoas que tenham restri\u00e7\u00e3o ao consumo do \u00e1lcool, se disponibilize a comunh\u00e3o com o uso do mosto (suco de uva fresco ou conservado com a fermenta\u00e7\u00e3o suspensa);<\/p>\n<p style=\"text-align: justify\">8)\u00a0seja dada prefer\u00eancia \u00e0s pessoas cel\u00edacas para comungarem por primeiro em uma das filas de comunh\u00e3o, e que elas mesmas peguem a part\u00edcula da teca reservada para elas.<\/p>\n<p style=\"text-align: justify\">Seria ainda mais seguro se cada pessoa com essa condi\u00e7\u00e3o de sa\u00fade tivesse sua pr\u00f3pria teca ou pequeno c\u00e1lice, conservado em sua casa e levado ao altar no momento da apresenta\u00e7\u00e3o das oferendas.<\/p>\n<p style=\"text-align: justify\">Recordamos que existem associa\u00e7\u00f5es especializadas na produ\u00e7\u00e3o de part\u00edculas com as caracter\u00edsticas requeridas, algumas at\u00e9 as distribuem gratuitamente.<\/p>\n<p style=\"text-align: justify\">O Papa Francisco nos recorda que \u201ca comunidade crist\u00e3 \u00e9 chamada a se empenhar a fim de que cada batizado possa fazer a experi\u00eancia de Cristo nos sacramentos\u201d (Discurso \u2013 11 de junho de 2016). Estamos convencidos de que a aten\u00e7\u00e3o \u00e0s necessidades das pessoas cel\u00edacas e \u00e0 sua plena participa\u00e7\u00e3o sacramental contribuir\u00e1 para o crescimento de toda a comunidade, pois a Igreja \u00e9 uma comunidade eucar\u00edstica.<\/p>\n<p style=\"text-align: justify\">Confiamos o empenho de cada comunidade \u00e0 materna prote\u00e7\u00e3o da M\u00e3e de Jesus, a \u201cmulher eucar\u00edstica\u201d (S. Jo\u00e3o Paulo II, enc\u00edclica Ecclesia de Eucharistia, n. 53).<\/p>\n<p style=\"text-align: center\"><strong>Dom Sergio da Rocha<br \/>\n<\/strong>Arcebispo de Bras\u00edlia<br \/>\nPresidente da CNBB<\/p>\n<p style=\"text-align: center\"><strong>Dom Murilo Sebasti\u00e3o Ramos Krieger<br \/>\n<\/strong>Arcebispo de S\u00e3o Salvador da Bahia<br \/>\nVice-Presidente da CNBB<\/p>\n<p style=\"text-align: center\"><strong>Dom Leonardo Ulrich Steiner<br \/>\n<\/strong>Bispo auxiliar de Bras\u00edlia<br \/>\nSecret\u00e1rio Geral da CNBB<\/p>\n<p style=\"text-align: center\">\n","protected":false},"excerpt":{"rendered":"<p>Entre as orienta\u00e7\u00f5es est\u00e1 o uso do p\u00e3o com pouca quantidade de gl\u00faten<\/p>\n","protected":false},"author":83,"featured_media":16200,"comment_status":"open","ping_status":"open","sticky":false,"template":"","format":"standard","meta":{"site-sidebar-layout":"default","site-content-layout":"default","ast-global-header-display":"","ast-banner-title-visibility":"","ast-main-header-display":"","ast-hfb-above-header-display":"","ast-hfb-below-header-display":"","ast-hfb-mobile-header-display":"","site-post-title":"","ast-breadcrumbs-content":"","ast-featured-img":"","footer-sml-layout":"","theme-transparent-header-meta":"","adv-header-id-meta":"","stick-header-meta":"","header-above-stick-meta":"","header-main-stick-meta":"","header-below-stick-meta":""},"categories":[783],"tags":[],"acf":[],"_links":{"self":[{"href":"https:\/\/www.cnbb.org.br\/cnbb-app\/wp\/v2\/posts\/18998"}],"collection":[{"href":"https:\/\/www.cnbb.org.br\/cnbb-app\/wp\/v2\/posts"}],"about":[{"href":"https:\/\/www.cnbb.org.br\/cnbb-app\/wp\/v2\/types\/post"}],"author":[{"embeddable":true,"href":"https:\/\/www.cnbb.org.br\/cnbb-app\/wp\/v2\/users\/83"}],"replies":[{"embeddable":true,"href":"https:\/\/www.cnbb.org.br\/cnbb-app\/wp\/v2\/comments?post=18998"}],"version-history":[{"count":0,"href":"https:\/\/www.cnbb.org.br\/cnbb-app\/wp\/v2\/posts\/18998\/revisions"}],"wp:featuredmedia":[{"embeddable":true,"href":"https:\/\/www.cnbb.org.br\/cnbb-app\/wp\/v2\/media\/16200"}],"wp:attachment":[{"href":"https:\/\/www.cnbb.org.br\/cnbb-app\/wp\/v2\/media?parent=18998"}],"wp:term":[{"taxonomy":"category","embeddable":true,"href":"https:\/\/www.cnbb.org.br\/cnbb-app\/wp\/v2\/categories?post=18998"},{"taxonomy":"post_tag","embeddable":true,"href":"https:\/\/www.cnbb.org.br\/cnbb-app\/wp\/v2\/tags?post=18998"}],"curies":[{"name":"wp","href":"https:\/\/api.w.org\/{rel}","templated":true}]}}