{"id":19010,"date":"2012-02-05T00:00:00","date_gmt":"2012-02-05T02:00:00","guid":{"rendered":"https:\/\/www.cnbb.org.br\/presbiteros-escolhem-nova-presidencia-da-cnp-1\/"},"modified":"2012-02-05T00:00:00","modified_gmt":"2012-02-05T02:00:00","slug":"presbiteros-escolhem-nova-presidencia-da-cnp-1","status":"publish","type":"post","link":"https:\/\/www.cnbb.org.br\/presbiteros-escolhem-nova-presidencia-da-cnp-1\/","title":{"rendered":"Presb\u00edteros escolhem nova presid\u00eancia da CNP"},"content":{"rendered":"<p style=\"text-align: justify\">Este domingo 05\/02 foi reservado dentro da programa\u00e7\u00e3o do 14\u00ba Encontro Nacional dos Presb\u00edteros para o processo de escolha da nova presid\u00eancia da Comiss\u00e3o Nacional dos Presb\u00edteros (CNP), para um mandato de quatro anos. Depois das pr\u00e9vias, realizadas na sexta-feira, hoje acontecem os escrut\u00ednios para a escolha do presidente, vice presidente e o secret\u00e1rio da comiss\u00e3o.<\/p>\n<p><!--more--><\/p>\n<p style=\"text-align: justify\">As pr\u00e9vias indicaram os nomes preferenciais de toda a assembleia. \u201cEles escolhem entre os nomes dos presidentes das comiss\u00f5es nos 17 regionais da CNBB\u201d, explica padre Deusmar Jesus da Silva, assessor da Comiss\u00e3o Episcopal para os Minist\u00e9rios Ordenados e Vida Consagrada (CMOV), da CNBB. Ele lembra que ap\u00f3s a escolha feita pela assembleia, ela precisar\u00e1 ser confirmada pelos 17 presidentes dos regionais. \u201cA vota\u00e7\u00e3o s\u00f3 tem valor deliberativo a partir desta confirma\u00e7\u00e3o, j\u00e1 que at\u00e9 a\u00ed ela \u00e9 apenas consultiva\u201d, explica o assessor.<\/p>\n<p style=\"text-align: justify\">Para o presidente da CMOVC e arcebispo de Palmas-TO, dom Pedro Brito Guimar\u00e3es, o clima destas elei\u00e7\u00f5es \u00e9 bastante amistoso, mas reveste-se de um diferencial pastoral. \u201cEla tem uma dimens\u00e3o de servi\u00e7o. O eleito para coordenar os presb\u00edteros do Brasil recebe uma miss\u00e3o, sendo, portanto mais um exerc\u00edcio de sua voca\u00e7\u00e3o\u201d, explica o bispo. <img decoding=\"async\" loading=\"lazy\" class=\" alignright size-full wp-image-9681\" style=\"float: right\" src=\"https:\/\/www.cnbb.org.br\/wp-content\/uploads\/2020\/03\/49ag_dompedrobrito.jpg\" alt=\"49ag_dompedrobrito\" width=\"194\" height=\"187\" \/><\/p>\n<p style=\"text-align: justify\">Assim como na abertura do ENP, dom Pedro lembra que as elei\u00e7\u00f5es s\u00e3o uma oportunidade de renova\u00e7\u00e3o da comiss\u00e3o dos presb\u00edteros. \u201cOs tempos s\u00e3o outros, os desafios est\u00e3o surgindo e n\u00f3s temos que estar sempre abertos \u00e0s mudan\u00e7as. Estamos em 2012, e as necessidades de hoje n\u00e3o s\u00e3o as mesmas de 4 anos atr\u00e1s. H\u00e1 outras agendas a cumprir\u201d.<\/p>\n<p style=\"text-align: justify\">O atual presidente da CNP \u00e9 o padre Francisco dos Santos, que atua na comiss\u00e3o desde o seu in\u00edcio, h\u00e1 27 anos. \u201cNossa miss\u00e3o, \u00e9 ser um ponto de apoio na pastoral presbiteral, incentivando o cuidado com os padres\u201d, conta Francisco. Ele lembra que a CNP n\u00e3o tem autonomia jur\u00eddica. \u201c\u00c9 um organismo da Confer\u00eancia Episcopal, por isso a presid\u00eancia eleita neste encontro ser\u00e1 depois ratificada pelo Conselho Permanente da CNBB\u201d.<\/p>\n<p style=\"text-align: justify\">Vota\u00e7\u00e3o \u2013 O primeiro escrut\u00ednio, realizado no in\u00edcio da manh\u00e3 de hoje, n\u00e3o definiu o nome do eleito para a presid\u00eancia, que s\u00f3 ocorre quando um dos 17 candidatos recebe dois ter\u00e7os dos votos dos participantes. Foram mais votados at\u00e9 agora os padres Anselmo, do regional Sul 1, e L\u00e1zaro, do regional Nordeste 3. Neste momento, os padres seguem na vota\u00e7\u00e3o em segundo escrut\u00ednio.<\/p>\n","protected":false},"excerpt":{"rendered":"<p>Este domingo 05\/02 foi reservado dentro da programa\u00e7\u00e3o do 14\u00ba Encontro Nacional dos Presb\u00edteros para o processo de escolha da nova presid\u00eancia da Comiss\u00e3o Nacional dos Presb\u00edteros (CNP), para um mandato de quatro anos. Depois das pr\u00e9vias, realizadas na sexta-feira, hoje acontecem os escrut\u00ednios para a escolha do presidente, vice presidente e o secret\u00e1rio da &hellip;<\/p>\n<p class=\"read-more\"> <a class=\"\" href=\"https:\/\/www.cnbb.org.br\/presbiteros-escolhem-nova-presidencia-da-cnp-1\/\"> <span class=\"screen-reader-text\">Presb\u00edteros escolhem nova presid\u00eancia da CNP<\/span> Leia mais &raquo;<\/a><\/p>\n","protected":false},"author":83,"featured_media":19011,"comment_status":"open","ping_status":"open","sticky":false,"template":"","format":"standard","meta":{"site-sidebar-layout":"default","site-content-layout":"default","ast-global-header-display":"","ast-banner-title-visibility":"","ast-main-header-display":"","ast-hfb-above-header-display":"","ast-hfb-below-header-display":"","ast-hfb-mobile-header-display":"","site-post-title":"","ast-breadcrumbs-content":"","ast-featured-img":"","footer-sml-layout":"","theme-transparent-header-meta":"","adv-header-id-meta":"","stick-header-meta":"","header-above-stick-meta":"","header-main-stick-meta":"","header-below-stick-meta":""},"categories":[762],"tags":[],"acf":[],"_links":{"self":[{"href":"https:\/\/www.cnbb.org.br\/cnbb-app\/wp\/v2\/posts\/19010"}],"collection":[{"href":"https:\/\/www.cnbb.org.br\/cnbb-app\/wp\/v2\/posts"}],"about":[{"href":"https:\/\/www.cnbb.org.br\/cnbb-app\/wp\/v2\/types\/post"}],"author":[{"embeddable":true,"href":"https:\/\/www.cnbb.org.br\/cnbb-app\/wp\/v2\/users\/83"}],"replies":[{"embeddable":true,"href":"https:\/\/www.cnbb.org.br\/cnbb-app\/wp\/v2\/comments?post=19010"}],"version-history":[{"count":0,"href":"https:\/\/www.cnbb.org.br\/cnbb-app\/wp\/v2\/posts\/19010\/revisions"}],"wp:featuredmedia":[{"embeddable":true,"href":"https:\/\/www.cnbb.org.br\/cnbb-app\/wp\/v2\/media\/19011"}],"wp:attachment":[{"href":"https:\/\/www.cnbb.org.br\/cnbb-app\/wp\/v2\/media?parent=19010"}],"wp:term":[{"taxonomy":"category","embeddable":true,"href":"https:\/\/www.cnbb.org.br\/cnbb-app\/wp\/v2\/categories?post=19010"},{"taxonomy":"post_tag","embeddable":true,"href":"https:\/\/www.cnbb.org.br\/cnbb-app\/wp\/v2\/tags?post=19010"}],"curies":[{"name":"wp","href":"https:\/\/api.w.org\/{rel}","templated":true}]}}