{"id":19028,"date":"2015-02-25T00:00:00","date_gmt":"2015-02-25T03:00:00","guid":{"rendered":"https:\/\/www.cnbb.org.br\/simposio-incentiva-debate-missiologico-a-partir-do-decreto-ad-gentes\/"},"modified":"2015-02-25T00:00:00","modified_gmt":"2015-02-25T03:00:00","slug":"simposio-incentiva-debate-missiologico-a-partir-do-decreto-ad-gentes","status":"publish","type":"post","link":"https:\/\/www.cnbb.org.br\/simposio-incentiva-debate-missiologico-a-partir-do-decreto-ad-gentes\/","title":{"rendered":"Simp\u00f3sio incentiva debate missiol\u00f3gico a partir do Decreto Ad Gentes"},"content":{"rendered":"<p style=\"text-align: justify\"><span style=\"font-size: 12.16px;line-height: 15.808px\">\u201c50 anos do Decreto\u00a0<\/span><em style=\"font-size: 12.16px;line-height: 15.808px\">Ad Gentes<\/em><span style=\"font-size: 12.16px;line-height: 15.808px\">: por uma nova presen\u00e7a da Igreja no meio dos povos na reciprocidade da miss\u00e3o\u201d \u00e9 o tema do 4\u00ba Simp\u00f3sio de Missiologia<\/span><\/p>\n<p><!--more--><\/p>\n<p style=\"text-align: justify\">Com o tema \u201c50 anos do Decreto\u00a0<em>Ad Gentes<\/em>: por uma nova presen\u00e7a da Igreja no meio dos povos na reciprocidade da miss\u00e3o\u201d, o\u00a04\u00ba Simp\u00f3sio de Missiologia, que teve in\u00edcio na segunda-feira, 23,\u00a0busca incentivar o debate missiol\u00f3gico em torno da miss\u00e3o\u00a0<em>ad gentes<\/em>\u00a0e alimentar a rede formada por especialistas, p\u00f3s-graduandos, mestres e doutores que contribuem com a pesquisa e a reflex\u00e3o.\u00a0O evento \u00e9 promovido pela Comiss\u00e3o Episcopal Pastoral para a A\u00e7\u00e3o Mission\u00e1ria e Coopera\u00e7\u00e3o Intereclesial da Confer\u00eancia Nacional dos Bispos do Brasil (CNBB) e pelo Centro Cultural Mission\u00e1rio (CCM), em parceria com a Rede Ecum\u00eanica Latino-Americana de Missi\u00f3logos e Missi\u00f3logas (Relami).\u00a0A programa\u00e7\u00e3o abrange sess\u00f5es de exposi\u00e7\u00f5es e debates, al\u00e9m de grupo de estudo, experi\u00eancias mission\u00e1rias e s\u00ednteses.<\/p>\n<p style=\"text-align: justify\"><span style=\"font-size: 12.1599998474121px;line-height: 1.3em\">Na ter\u00e7a-feira, dia 24, \u00a0o tema \u201cA miss\u00e3o aos povos a partir do Vaticano II\u201d, com contextualiza\u00e7\u00e3o, g\u00eanese, configura\u00e7\u00e3o do Decreto <em>Ad Gentes<\/em> e a caminhada p\u00f3s conciliar latino-americana, foi abordado pelo diretor do CCM, padre Est\u00eav\u00e3o Raschietti, e pelo assessor da Comiss\u00e3o Episcopal para a Miss\u00e3o Continental da CNBB, padre Sidney Marco Dornelas, que tratou da recep\u00e7\u00e3o da proposta do decreto conciliar na Am\u00e9rica Latina, a partir das Confer\u00eancias de Puebla, Santo Domingo e, por \u00faltimo, a de Aparecida.<\/span><\/p>\n<p style=\"text-align: justify\"><img decoding=\"async\" loading=\"lazy\" class=\" alignright size-full wp-image-24953\" style=\"float: right\" src=\"https:\/\/www.cnbb.org.br\/wp-content\/uploads\/2020\/03\/SimpsioMissiologia_Dom-Luiz-296x350-1.jpg\" alt=\"\" width=\"235\" height=\"278\" border=\"0\" \/>Na quarta-feira, 25, foram abordadas as \u201cResson\u00e2ncias e recep\u00e7\u00f5es contextuais do Vaticano II na reciprocidade da miss\u00e3o\u201d, pelo bispo da diocese de Pemba, em Mo\u00e7ambique, o brasileiro dom Luiz Fernando Lisboa (foto ao lado), mission\u00e1rio passionista. Em sua diocese h\u00e1 22 par\u00f3quias e mais de 800 comunidades. Cerca de 115 mission\u00e1rios, entre padres, religiosas, religiosos, leigos e leigas com forma\u00e7\u00e3o, atuam no local.<\/p>\n<p style=\"text-align: justify\">Dom Luiz Fernando Lisboa apresentou a caminhada p\u00f3s-conciliar no continente africano. Foram destacados os desafios da evangeliza\u00e7\u00e3o e da vida nos pa\u00edses da \u00c1frica. \u201c\u00c1frica n\u00e3o \u00e9 s\u00f3 pobreza. \u00c9 neste continente que se encontram os vest\u00edgios da humanidade. O povo \u00e9 forte e culturalmente rico e com uma hist\u00f3ria apreci\u00e1vel. A terra \u00e9 riqu\u00edssima em recursos naturais e a Igreja tem grandes santos e doutores, al\u00e9m de milhares de m\u00e1rtires\u201d, disse.<\/p>\n<p style=\"text-align: justify\">O bispo ainda comentou sobre o aspecto do Decreto <em>Ad Gentes<\/em> em valorizar as Igrejas locais nas diversas culturas. \u201c\u00c9 necess\u00e1rio que em cada grande espa\u00e7o sociocultural, se estimule uma reflex\u00e3o teol\u00f3gica&#8230; As tradi\u00e7\u00f5es particulares e qualidades pr\u00f3prias de cada na\u00e7\u00e3o, esclarecidas pela luz do Evangelho, ser\u00e3o assumidas na unidade cat\u00f3lica (AG 22)\u201d, recordou.<\/p>\n<p style=\"text-align: justify\">Na mesma sess\u00e3o esteve presente o doutor em Ci\u00eancia da Religi\u00e3o, padre Joachim Andrade.<\/p>\n<p style=\"text-align: justify\">Para esta quinta-feira, acontece a reflex\u00e3o sobre as \u201cNovas configura\u00e7\u00f5es e perspectivas para a miss\u00e3o aos povos hoje\u201d, com o assessor teol\u00f3gico do Conselho Indigenista Mission\u00e1rio (Cimi), padre Paulo Suess, e o secret\u00e1rio nacional da Pontif\u00edcia Uni\u00e3o Mission\u00e1ria, padre Jaime Patias.<\/p>\n<p style=\"text-align: justify\">Na sexta-feira haver\u00e1 a articula\u00e7\u00e3o e organiza\u00e7\u00e3o da Rede de missiologos e missi\u00f3logas.<\/p>\n<p style=\"text-align: justify\">O evento re\u00fane 55 pessoas entre docentes, te\u00f3logos, pesquisadores, representantes de institui\u00e7\u00f5es mission\u00e1rias, agentes de pastoral do Brasil e convidados de Mo\u00e7ambique e do M\u00e9xico. Entre os participantes est\u00e3o mission\u00e1rias e mission\u00e1rios estrangeiros atuando no Brasil.<\/p>\n<h5 style=\"text-align: justify\">Com informa\u00e7\u00f5es e fotografia das Pontif\u00edcias Obras Mission\u00e1rias<\/h5>\n","protected":false},"excerpt":{"rendered":"<p>\u201c50 anos do Decreto\u00a0Ad Gentes: por uma nova presen\u00e7a da Igreja no meio dos povos na reciprocidade da miss\u00e3o\u201d \u00e9 o tema do 4\u00ba Simp\u00f3sio de Missiologia<\/p>\n","protected":false},"author":83,"featured_media":19029,"comment_status":"open","ping_status":"open","sticky":false,"template":"","format":"standard","meta":{"site-sidebar-layout":"default","site-content-layout":"default","ast-global-header-display":"","ast-banner-title-visibility":"","ast-main-header-display":"","ast-hfb-above-header-display":"","ast-hfb-below-header-display":"","ast-hfb-mobile-header-display":"","site-post-title":"","ast-breadcrumbs-content":"","ast-featured-img":"","footer-sml-layout":"","theme-transparent-header-meta":"","adv-header-id-meta":"","stick-header-meta":"","header-above-stick-meta":"","header-main-stick-meta":"","header-below-stick-meta":""},"categories":[762],"tags":[],"acf":[],"_links":{"self":[{"href":"https:\/\/www.cnbb.org.br\/cnbb-app\/wp\/v2\/posts\/19028"}],"collection":[{"href":"https:\/\/www.cnbb.org.br\/cnbb-app\/wp\/v2\/posts"}],"about":[{"href":"https:\/\/www.cnbb.org.br\/cnbb-app\/wp\/v2\/types\/post"}],"author":[{"embeddable":true,"href":"https:\/\/www.cnbb.org.br\/cnbb-app\/wp\/v2\/users\/83"}],"replies":[{"embeddable":true,"href":"https:\/\/www.cnbb.org.br\/cnbb-app\/wp\/v2\/comments?post=19028"}],"version-history":[{"count":0,"href":"https:\/\/www.cnbb.org.br\/cnbb-app\/wp\/v2\/posts\/19028\/revisions"}],"wp:featuredmedia":[{"embeddable":true,"href":"https:\/\/www.cnbb.org.br\/cnbb-app\/wp\/v2\/media\/19029"}],"wp:attachment":[{"href":"https:\/\/www.cnbb.org.br\/cnbb-app\/wp\/v2\/media?parent=19028"}],"wp:term":[{"taxonomy":"category","embeddable":true,"href":"https:\/\/www.cnbb.org.br\/cnbb-app\/wp\/v2\/categories?post=19028"},{"taxonomy":"post_tag","embeddable":true,"href":"https:\/\/www.cnbb.org.br\/cnbb-app\/wp\/v2\/tags?post=19028"}],"curies":[{"name":"wp","href":"https:\/\/api.w.org\/{rel}","templated":true}]}}