{"id":19030,"date":"2016-01-21T00:00:00","date_gmt":"2016-01-21T02:00:00","guid":{"rendered":"https:\/\/www.cnbb.org.br\/osib-promove-semana-de-atualizacao-para-formadores\/"},"modified":"2016-01-21T00:00:00","modified_gmt":"2016-01-21T02:00:00","slug":"osib-promove-semana-de-atualizacao-para-formadores","status":"publish","type":"post","link":"https:\/\/www.cnbb.org.br\/osib-promove-semana-de-atualizacao-para-formadores\/","title":{"rendered":"OSIB promove Semana de Atualiza\u00e7\u00e3o para Formadores"},"content":{"rendered":"<p>Encontro traz reflex\u00e3o sobre a dimens\u00e3o humano-afetiva<\/p>\n<p><!--more--><\/p>\n<p style=\"text-align: justify\">A Organiza\u00e7\u00e3o dos Semin\u00e1rios e Institutos do Brasil (OSIB) est\u00e1 realizando a Semana de Atualiza\u00e7\u00e3o para Formadores. O encontro acontece no Semin\u00e1rio Arquidiocesano S\u00e3o Jos\u00e9 de Teologia, em Fortaleza (CE), de 18 a 22 de janeiro.<\/p>\n<p style=\"text-align: justify\">Com o tema: \u201cAs contribui\u00e7\u00f5es da an\u00e1lise existencial de Victor Frankl para o processo formativo\u201d, o primeiro encontro de 2016, traz uma reflex\u00e3o da dimens\u00e3o humano-afetiva, que faz parte das cinco dimens\u00f5es da forma\u00e7\u00e3o presbiteral.<\/p>\n<p style=\"text-align: justify\">Assessorado pela leiga consagrada da Associa\u00e7\u00e3o Comunidade Vida em S\u00e3o Jos\u00e9 dos Campos (SP), Iamara Porcelli, o encontro conta com a presen\u00e7a do bispo auxiliar de S\u00e3o Paulo e referencial para a OSIB, na Comiss\u00e3o Episcopal para os Minist\u00e9rios Ordenados e a Vida Consagrada, dom Jos\u00e9 Roberto Palau, e cerca de 85 padres formadores de diversos semin\u00e1rios do Brasil.<\/p>\n<p style=\"text-align: justify\">Durante o encontro houve ainda a acolhida do padre Douglas, da arquidiocese de Niter\u00f3i, como Secret\u00e1rio Nacional da OSIB, e do Padre Rafhael Maciel, da arquidiocese de Fortaleza, que passa da secretaria para a vice-presid\u00eancia da OSIB.<\/p>\n<h4 style=\"text-align: justify\">Composi\u00e7\u00e3o da diretoria da OSIB Nacional<\/h4>\n<p style=\"text-align: justify\">Presidente: Padre Nivaldo \u2013 Arquidiocese de Belo Horizonte (MG)<\/p>\n<p style=\"text-align: justify\">Vice-Presidente: Padre Rafhael \u2013 Arquidiocese de Fortaleza (CE)<\/p>\n<p style=\"text-align: justify\">Secret\u00e1rio: Padre Douglas \u2013 Arquidiocese de Niter\u00f3i (RJ)<\/p>\n<p style=\"text-align: justify\">Tesoureiro: Padre Leandro \u2013 Diocese de Taubat\u00e9 (SP)<\/p>\n<p style=\"text-align: justify\">Comunica\u00e7\u00e3o: Padre Ildomar \u2013 Diocese de Os\u00f3rio (RS)<\/p>\n<h4 style=\"text-align: justify\">Com informa\u00e7\u00f5es da OSIB<\/h4>\n<p style=\"text-align: justify\">\n<p>&nbsp;<\/p>\n","protected":false},"excerpt":{"rendered":"<p>Encontro traz reflex\u00e3o sobre a dimens\u00e3o humano-afetiva<\/p>\n","protected":false},"author":83,"featured_media":19031,"comment_status":"open","ping_status":"open","sticky":false,"template":"","format":"standard","meta":{"site-sidebar-layout":"default","site-content-layout":"default","ast-global-header-display":"","ast-banner-title-visibility":"","ast-main-header-display":"","ast-hfb-above-header-display":"","ast-hfb-below-header-display":"","ast-hfb-mobile-header-display":"","site-post-title":"","ast-breadcrumbs-content":"","ast-featured-img":"","footer-sml-layout":"","theme-transparent-header-meta":"","adv-header-id-meta":"","stick-header-meta":"","header-above-stick-meta":"","header-main-stick-meta":"","header-below-stick-meta":""},"categories":[762],"tags":[],"acf":[],"_links":{"self":[{"href":"https:\/\/www.cnbb.org.br\/cnbb-app\/wp\/v2\/posts\/19030"}],"collection":[{"href":"https:\/\/www.cnbb.org.br\/cnbb-app\/wp\/v2\/posts"}],"about":[{"href":"https:\/\/www.cnbb.org.br\/cnbb-app\/wp\/v2\/types\/post"}],"author":[{"embeddable":true,"href":"https:\/\/www.cnbb.org.br\/cnbb-app\/wp\/v2\/users\/83"}],"replies":[{"embeddable":true,"href":"https:\/\/www.cnbb.org.br\/cnbb-app\/wp\/v2\/comments?post=19030"}],"version-history":[{"count":0,"href":"https:\/\/www.cnbb.org.br\/cnbb-app\/wp\/v2\/posts\/19030\/revisions"}],"wp:featuredmedia":[{"embeddable":true,"href":"https:\/\/www.cnbb.org.br\/cnbb-app\/wp\/v2\/media\/19031"}],"wp:attachment":[{"href":"https:\/\/www.cnbb.org.br\/cnbb-app\/wp\/v2\/media?parent=19030"}],"wp:term":[{"taxonomy":"category","embeddable":true,"href":"https:\/\/www.cnbb.org.br\/cnbb-app\/wp\/v2\/categories?post=19030"},{"taxonomy":"post_tag","embeddable":true,"href":"https:\/\/www.cnbb.org.br\/cnbb-app\/wp\/v2\/tags?post=19030"}],"curies":[{"name":"wp","href":"https:\/\/api.w.org\/{rel}","templated":true}]}}