{"id":19058,"date":"2010-02-05T00:00:00","date_gmt":"2010-02-05T02:00:00","guid":{"rendered":"https:\/\/www.cnbb.org.br\/muticom-faz-pastorais-sociais-refletirem-sobre-suas-dificuldades-de-comunicar-afirma-assessor-regional-da-caritas\/"},"modified":"2020-09-25T13:41:15","modified_gmt":"2020-09-25T16:41:15","slug":"muticom-faz-pastorais-sociais-refletirem-sobre-suas-dificuldades-de-comunicar-afirma-assessor-regional-da-caritas","status":"publish","type":"post","link":"https:\/\/www.cnbb.org.br\/muticom-faz-pastorais-sociais-refletirem-sobre-suas-dificuldades-de-comunicar-afirma-assessor-regional-da-caritas\/","title":{"rendered":"\u201cMuticom faz Pastorais Sociais refletirem suas dificuldades de comunicar\u201d, afirma assessor regional da C\u00e1ritas"},"content":{"rendered":"<p style=\"text-align: justify\">As Pastorais Sociais da Confer\u00eancia Nacional dos Bispos do Brasil (CNBB) est\u00e3o presentes no Mutir\u00e3o de Comunica\u00e7\u00e3o da Am\u00e9rica Latina e Caribe (Muticom), em Porto Alegre (RS). Uma banca integrada foi preparada no pr\u00e9dio principal do evento, para a Anima\u00e7\u00e3o Mission\u00e1ria, Setor Mobilidade Humana, Pastoral Ecol\u00f3gica, C\u00e1ritas Brasileira, Pastoral Afro-Brasileira, Instituto de Pastoral da Juventude (IPJ) e Associa\u00e7\u00e3o Nacional de Escolas Cat\u00f3licas do Rio Grande do Sul (Anec).<\/p>\n<p><!--more--><\/p>\n<p style=\"text-align: justify\">\u201cNosso objetivo aqui \u00e9 aproveitar o Muticom para divulgar os trabalhos desenvolvidos pelas Pastorais Sociais\u201d. A afirma\u00e7\u00e3o \u00e9 do assessor de projetos sociais da C\u00e1ritas Brasileira, presente no Regional Sul 3 da CNBB (Rio Grande do Sul), Luis Carlos Stephanou, que est\u00e1 no Muticom, pela entidade, divulgando os trabalhos que foram e est\u00e3o no momento sendo desenvolvidos pela C\u00e1ritas, no Brasil e no mundo.<\/p>\n<p style=\"text-align: justify\">Stephanou destacou que as Pastorais est\u00e3o no Muticom, de modo especial, para apresentar, vender e doar seus materiais de campanhas e projetos: panfletos, banners, livros, livretos, e tamb\u00e9m para divulgar materiais das outras pastorais e movimentos ligados \u00e0s Pastorais Sociais. O motivo da presen\u00e7a \u00e9 que a banca integrada serve de ponto de encontro dos delegados das Pastorais Sociais que vieram de v\u00e1rias partes do Brasil e tamb\u00e9m do exterior, como tamb\u00e9m de alguns bispos. \u201cAqui tamb\u00e9m n\u00f3s acolhemos os delegados das Pastorais e tamb\u00e9m os bispos que est\u00e3o nos visitando e gostando da nossa presen\u00e7a no evento\u201d, disse.<\/p>\n<p style=\"text-align: justify\">O assessor da C\u00e1ritas acrescentou ainda que a tem\u00e1tica discutida no Muticom \u201cProcessos de Comunica\u00e7\u00e3o e Cultura Solid\u00e1ria\u201d chama a aten\u00e7\u00e3o das Pastorais Sociais para olharem para si mesmas e suas dificuldades com rela\u00e7\u00e3o \u00e0 comunica\u00e7\u00e3o. \u201cO Muticom tem nos servido como um local onde estamos pescando um pouco da experi\u00eancia dos comunicadores, fazendo contatos, para aprendermos um pouco sobre as quest\u00f5es espec\u00edficas de comunica\u00e7\u00e3o, \u00e0s quais temos certa dificuldade, e com certeza, isso acaba atrapalhando um pouco o desenvolvimento de nosso trabalho. A presen\u00e7a da comunica\u00e7\u00e3o nas Pastorais Sociais \u00e9 fundamental\u201d, ressaltou. Stephanou disse ainda que as experi\u00eancias de comunica\u00e7\u00e3o feitas pelas Pastorais ou s\u00e3o insuficientes ou mal elaboradas. \u201cS\u00e3o pouqu\u00edssimas as nossas pastorais que t\u00eam um planejamento para organizar uma equipe de comunica\u00e7\u00e3o. Menos ainda s\u00e3o aquelas que t\u00eam assessorias de comunica\u00e7\u00e3o, seja volunt\u00e1ria, ou paga. Nem que seja um profissional que trabalhe duas horas por semana. N\u00e3o tem. Esse Mutir\u00e3o tem potencial para nos fazer pensar nessas dificuldades para buscarmos melhorar nossas possibilidades de comunica\u00e7\u00e3o\u201d, completou.<\/p>\n<p style=\"text-align: justify\"><strong>Mobilidade Humana<\/strong><\/p>\n<p style=\"text-align: justify\"><img decoding=\"async\" loading=\"lazy\" class=\" size-full wp-image-1405\" style=\"vertical-align: top\" src=\"https:\/\/www.cnbb.org.br\/wp-content\/uploads\/2020\/03\/eduardo.jpg\" alt=\"eduardo\" width=\"528\" height=\"369\" \/><\/p>\n<p style=\"text-align: justify\">Da mesma forma, Eduardo Geremia, volunt\u00e1rio da Pastoral da Mobilidade Humana, afirmou que a presen\u00e7a de pessoas de v\u00e1rios pa\u00edses da Am\u00e9rica Latina e Caribe serve como forma de interc\u00e2mbio, de experi\u00eancia e divulga\u00e7\u00e3o de trabalhos que n\u00f3s fazemos tamb\u00e9m na perspectiva de amparar as pessoas que vivem em mobilidade, os migrantes e itinerantes, dentre outros. A Pastoral tamb\u00e9m est\u00e1 no Muticom para desenvolver duas oficinas que tratam justamente desse assunto. \u201cVamos falar nas oficinas das m\u00eddias, de como elas tratam as migra\u00e7\u00f5es e tamb\u00e9m e das migra\u00e7\u00f5es que ocorrem na Am\u00e9rica Latina e Caribe\u201d, sublinhou. Eduardo lembrou aos participantes do Muticom, que no s\u00e1bado, \u00e0s 13h, vai acontecer um baile latino, com m\u00fasicas t\u00edpicas do sul, latino americanas e caribenhas. O evento vai ocorrer no Pr\u00e9dio 41 da PUCRS, em frente \u00e0 banca da Mobilidade Humana.<\/p>\n<p style=\"text-align: justify\">Siga-nos no Twitter: <a title=\"l\" href=\"http:\/\/www.twitter.com\/CNBBNacional\" target=\"_blank\" rel=\"noopener\">http:\/\/www.twitter.com\/CNBBNacional <\/a>e veja mais fotos do Muticom no <a title=\"l\" href=\"http:\/\/www.flickr.com\/photos\/cnbbnacional\" target=\"_blank\" rel=\"noopener\">Flickr<\/a><\/p>\n","protected":false},"excerpt":{"rendered":"<p>As Pastorais Sociais da Confer\u00eancia Nacional dos Bispos do Brasil (CNBB) est\u00e3o presentes no Mutir\u00e3o de Comunica\u00e7\u00e3o da Am\u00e9rica Latina e Caribe (Muticom), em Porto Alegre (RS). Uma banca integrada foi preparada no pr\u00e9dio principal do evento, para a Anima\u00e7\u00e3o Mission\u00e1ria, Setor Mobilidade Humana, Pastoral Ecol\u00f3gica, C\u00e1ritas Brasileira, Pastoral Afro-Brasileira, Instituto de Pastoral da Juventude &hellip;<\/p>\n<p class=\"read-more\"> <a class=\"\" href=\"https:\/\/www.cnbb.org.br\/muticom-faz-pastorais-sociais-refletirem-sobre-suas-dificuldades-de-comunicar-afirma-assessor-regional-da-caritas\/\"> <span class=\"screen-reader-text\">\u201cMuticom faz Pastorais Sociais refletirem suas dificuldades de comunicar\u201d, afirma assessor regional da C\u00e1ritas<\/span> Leia mais &raquo;<\/a><\/p>\n","protected":false},"author":83,"featured_media":19059,"comment_status":"open","ping_status":"open","sticky":false,"template":"","format":"standard","meta":{"site-sidebar-layout":"default","site-content-layout":"default","ast-global-header-display":"","ast-banner-title-visibility":"","ast-main-header-display":"","ast-hfb-above-header-display":"","ast-hfb-below-header-display":"","ast-hfb-mobile-header-display":"","site-post-title":"","ast-breadcrumbs-content":"","ast-featured-img":"","footer-sml-layout":"","theme-transparent-header-meta":"","adv-header-id-meta":"","stick-header-meta":"","header-above-stick-meta":"","header-main-stick-meta":"","header-below-stick-meta":""},"categories":[816],"tags":[],"acf":[],"_links":{"self":[{"href":"https:\/\/www.cnbb.org.br\/cnbb-app\/wp\/v2\/posts\/19058"}],"collection":[{"href":"https:\/\/www.cnbb.org.br\/cnbb-app\/wp\/v2\/posts"}],"about":[{"href":"https:\/\/www.cnbb.org.br\/cnbb-app\/wp\/v2\/types\/post"}],"author":[{"embeddable":true,"href":"https:\/\/www.cnbb.org.br\/cnbb-app\/wp\/v2\/users\/83"}],"replies":[{"embeddable":true,"href":"https:\/\/www.cnbb.org.br\/cnbb-app\/wp\/v2\/comments?post=19058"}],"version-history":[{"count":0,"href":"https:\/\/www.cnbb.org.br\/cnbb-app\/wp\/v2\/posts\/19058\/revisions"}],"wp:featuredmedia":[{"embeddable":true,"href":"https:\/\/www.cnbb.org.br\/cnbb-app\/wp\/v2\/media\/19059"}],"wp:attachment":[{"href":"https:\/\/www.cnbb.org.br\/cnbb-app\/wp\/v2\/media?parent=19058"}],"wp:term":[{"taxonomy":"category","embeddable":true,"href":"https:\/\/www.cnbb.org.br\/cnbb-app\/wp\/v2\/categories?post=19058"},{"taxonomy":"post_tag","embeddable":true,"href":"https:\/\/www.cnbb.org.br\/cnbb-app\/wp\/v2\/tags?post=19058"}],"curies":[{"name":"wp","href":"https:\/\/api.w.org\/{rel}","templated":true}]}}