{"id":19129,"date":"2011-09-01T00:00:00","date_gmt":"2011-09-01T03:00:00","guid":{"rendered":"https:\/\/www.cnbb.org.br\/nova-sede-da-caritas-brasileira-e-inaugurada-nesta-sexta-feira\/"},"modified":"2011-09-01T00:00:00","modified_gmt":"2011-09-01T03:00:00","slug":"nova-sede-da-caritas-brasileira-e-inaugurada-nesta-sexta-feira","status":"publish","type":"post","link":"https:\/\/www.cnbb.org.br\/nova-sede-da-caritas-brasileira-e-inaugurada-nesta-sexta-feira\/","title":{"rendered":"Nova sede da C\u00e1ritas Brasileira \u00e9 inaugurada nesta sexta-feira"},"content":{"rendered":"<p style=\"text-align: justify\">O Secretariado Nacional da C\u00e1ritas Brasileira receber\u00e1 nesta sexta-feira, 2, entidades parceiras e amigas, al\u00e9m de agentes da C\u00e1ritas de todo o Brasil para a inaugura\u00e7\u00e3o de sua nova sede em Bras\u00edlia.<\/p>\n<p><!--more--><\/p>\n<p style=\"text-align: justify\">O evento ocorre a partir das 19h com uma celebra\u00e7\u00e3o ecum\u00eanica. \u00c9 apresentado o v\u00eddeo \u201cSomos C\u00e1ritas\u201d, que busca retratar a a\u00e7\u00e3o e organiza\u00e7\u00e3o da C\u00e1ritas em todo o pa\u00eds, reafirmando a sua miss\u00e3o de \u201ctestemunhar e anunciar o Evangelho de Jesus Cristo, defendendo e promovendo a vida e participando da constru\u00e7\u00e3o solid\u00e1ria de uma sociedade justa, igualit\u00e1ria e plural, junto com as pessoas em situa\u00e7\u00e3o de exclus\u00e3o social.\u201d<\/p>\n<p style=\"text-align: justify\">A confraterniza\u00e7\u00e3o ainda conta com apresenta\u00e7\u00e3o de grupos de poesias, coquetel e o melhor do Samba e do Choro.<\/p>\n<p style=\"text-align: justify\">De acordo com Maria Cristina dos Anjos, diretora executiva nacional da C\u00e1ritas Brasileira, a nova sede surge de uma parceria com o Instituto B\u00edblico de Bras\u00edlia e representa um passo importante na caminhada da institui\u00e7\u00e3o. \u201cDesejamos muito que este espa\u00e7o al\u00e9m de abrigar o escrit\u00f3rio nacional e os eventos da C\u00e1ritas, possa tamb\u00e9m acolher eventos de outras organiza\u00e7\u00f5es, favorecer debates, lan\u00e7amentos de livros, enfim, um espa\u00e7o que possa acolher diferentes iniciativas das nossas entidades parceiras\u201d, afirmou Cristina.<\/p>\n<p style=\"text-align: justify\">Ap\u00f3s muitos anos desenvolvendo seus trabalhos no Edif\u00edcio Ven\u00e2ncio III, na regi\u00e3o central da capital federal mais conhecida como Conic, a equipe do Secretariado Nacional agora est\u00e1 em novo endere\u00e7o, junto ao Instituto B\u00edblico de Bras\u00edlia.<\/p>\n<p style=\"text-align: justify\">SGAN Quadra 601 M\u00f3dulo F \u2013 Asa Norte<br \/>\nCEP: 70830-010<br \/>\nBras\u00edlia (DF)<\/p>\n<p style=\"text-align: justify\"><strong>Dom Dem\u00e9trio Valentini lan\u00e7a livro na inaugura\u00e7\u00e3o<\/strong><\/p>\n<p style=\"text-align: justify\">O presidente da entidade e bispo de Jales (SP), dom Dem\u00e9trio Valentini completa, em 2011, oito anos \u00e0 frente da C\u00e1ritas Brasileira. Lan\u00e7ar mais um de seus livros durante a inaugura\u00e7\u00e3o da nova sede da entidade marca sua trajet\u00f3ria na luta pela solidariedade e promo\u00e7\u00e3o humana.<\/p>\n<p style=\"text-align: justify\">\u201cRevisitar o Conc\u00edlio Vaticano II\u201d \u00e9 o t\u00edtulo de sua publica\u00e7\u00e3o que traz cap\u00edtulos compactos e \u00e1geis, nos quais o bispo devolve o Conc\u00edlio Vaticano II em sua completude e estimula a tocar mais de perto os seus tesouros cada vez mais escondidos.<\/p>\n<p style=\"text-align: justify\">O lan\u00e7amento ocorre a partir das 20h30 na nova sede da C\u00e1ritas Brasileira.<\/p>\n","protected":false},"excerpt":{"rendered":"<p>O Secretariado Nacional da C\u00e1ritas Brasileira receber\u00e1 nesta sexta-feira, 2, entidades parceiras e amigas, al\u00e9m de agentes da C\u00e1ritas de todo o Brasil para a inaugura\u00e7\u00e3o de sua nova sede em Bras\u00edlia.<\/p>\n","protected":false},"author":83,"featured_media":19130,"comment_status":"open","ping_status":"open","sticky":false,"template":"","format":"standard","meta":{"site-sidebar-layout":"default","site-content-layout":"default","ast-global-header-display":"","ast-banner-title-visibility":"","ast-main-header-display":"","ast-hfb-above-header-display":"","ast-hfb-below-header-display":"","ast-hfb-mobile-header-display":"","site-post-title":"","ast-breadcrumbs-content":"","ast-featured-img":"","footer-sml-layout":"","theme-transparent-header-meta":"","adv-header-id-meta":"","stick-header-meta":"","header-above-stick-meta":"","header-main-stick-meta":"","header-below-stick-meta":""},"categories":[816,762],"tags":[],"acf":[],"_links":{"self":[{"href":"https:\/\/www.cnbb.org.br\/cnbb-app\/wp\/v2\/posts\/19129"}],"collection":[{"href":"https:\/\/www.cnbb.org.br\/cnbb-app\/wp\/v2\/posts"}],"about":[{"href":"https:\/\/www.cnbb.org.br\/cnbb-app\/wp\/v2\/types\/post"}],"author":[{"embeddable":true,"href":"https:\/\/www.cnbb.org.br\/cnbb-app\/wp\/v2\/users\/83"}],"replies":[{"embeddable":true,"href":"https:\/\/www.cnbb.org.br\/cnbb-app\/wp\/v2\/comments?post=19129"}],"version-history":[{"count":0,"href":"https:\/\/www.cnbb.org.br\/cnbb-app\/wp\/v2\/posts\/19129\/revisions"}],"wp:featuredmedia":[{"embeddable":true,"href":"https:\/\/www.cnbb.org.br\/cnbb-app\/wp\/v2\/media\/19130"}],"wp:attachment":[{"href":"https:\/\/www.cnbb.org.br\/cnbb-app\/wp\/v2\/media?parent=19129"}],"wp:term":[{"taxonomy":"category","embeddable":true,"href":"https:\/\/www.cnbb.org.br\/cnbb-app\/wp\/v2\/categories?post=19129"},{"taxonomy":"post_tag","embeddable":true,"href":"https:\/\/www.cnbb.org.br\/cnbb-app\/wp\/v2\/tags?post=19129"}],"curies":[{"name":"wp","href":"https:\/\/api.w.org\/{rel}","templated":true}]}}