{"id":19139,"date":"2011-11-14T00:00:00","date_gmt":"2011-11-14T02:00:00","guid":{"rendered":"https:\/\/www.cnbb.org.br\/eleito-o-novo-presidente-da-caritas-brasileira\/"},"modified":"2011-11-14T00:00:00","modified_gmt":"2011-11-14T02:00:00","slug":"eleito-o-novo-presidente-da-caritas-brasileira","status":"publish","type":"post","link":"https:\/\/www.cnbb.org.br\/eleito-o-novo-presidente-da-caritas-brasileira\/","title":{"rendered":"Eleito o novo presidente da C\u00e1ritas Brasileira"},"content":{"rendered":"<p style=\"text-align: justify\">O bispo de Abaetetuba (PA), dom Fl\u00e1vio Giovenale, foi eleito com 63% dos votos para ocupar o cargo de presidente da C\u00e1ritas Brasileira para o pr\u00f3ximo quadri\u00eanio. No total, 117 delegados participaram deste processo. Dom Fl\u00e1vio recebeu 74 votos e dom Guilherme Ant\u00f4nio Werlang, da diocese de Ipameri (GO), ficou com 43.<\/p>\n<p><!--more--><\/p>\n<p style=\"text-align: justify\">O processo eleitoral que teve in\u00edcio no dia 10, durante o 4\u00ba Congresso e 18\u00aa Assembleia Nacional da C\u00e1ritas Brasileira, realizado em Passo Fundo (RS), seguiu at\u00e9 o dia 11, pois nenhum dos candidatos recebeu 50% mais um dos votos, conforme prev\u00ea o estatuto da institui\u00e7\u00e3o.<\/p>\n<p style=\"text-align: justify\">Anadete Gon\u00e7alves Reis foi reeleita para a vice-presid\u00eancia da entidade com 99% dos votos.<\/p>\n<p style=\"text-align: justify\">O bispo de Abaetetuba \u00e9 origin\u00e1rio da cidade de Murello, It\u00e1lia, nascido no dia 06 de maio de 1954. Estudou Filosofia no Instituto Salesiano de Filosofia e Pedagogia em Lorena, S\u00e3o Paulo, entre os anos de 1975 e 1976 e Teologia no Instituto Teol\u00f3gico Pio XI, tamb\u00e9m em S\u00e3o Paulo, entre 1978 e 1981. P\u00f3s graduou-se na Universit\u00e1 Pontificia Salesiana (Fac. Spiritualit\u00e1) em Roma (1984-1985). Foi ordenado Bispo em 8 de dezembro de 1997 assumindo a Diocese de Abaetetuba.<\/p>\n<p style=\"text-align: justify\">Antes, dom Fl\u00e1vio Giovenale trabalhou na Pastoral Vocacional no estado do Par\u00e1, de 1982 a 1983, foi reitor do Semin\u00e1rio Menor em Manaus (AM) entre os anos de 1986 a 1989, retornando novamente ao cargo de reitor do Semin\u00e1rio Maior em Manaus durante um ano (1990-1991); foi ec\u00f4nomo da Prov\u00edncia de 1992 a 1997 e procurador Mission\u00e1rio para o Brasil nos anos de 1994 a 1997.<\/p>\n<p style=\"text-align: justify\">Como bispo exerceu o cargo de Secret\u00e1rio Executivo nos anos de 1999 a 2003 e presidente de 2004 e 2007 do Regional Norte 2 da CNBB (Amap\u00e1 e Par\u00e1). Este ano dom Fl\u00e1vio foi eleito a assumir, pela segunda vez, o cargo de Secret\u00e1rio Executivo do Regional Norte 2.<\/p>\n","protected":false},"excerpt":{"rendered":"<p>O bispo de Abaetetuba (PA), dom Fl\u00e1vio Giovenale, foi eleito com 63% dos votos para ocupar o cargo de presidente da C\u00e1ritas Brasileira para o pr\u00f3ximo quadri\u00eanio. No total, 117 delegados participaram deste processo. Dom Fl\u00e1vio recebeu 74 votos e dom Guilherme Ant\u00f4nio Werlang, da diocese de Ipameri (GO), ficou com 43.<\/p>\n","protected":false},"author":83,"featured_media":10005,"comment_status":"open","ping_status":"open","sticky":false,"template":"","format":"standard","meta":{"site-sidebar-layout":"default","site-content-layout":"default","ast-global-header-display":"","ast-banner-title-visibility":"","ast-main-header-display":"","ast-hfb-above-header-display":"","ast-hfb-below-header-display":"","ast-hfb-mobile-header-display":"","site-post-title":"","ast-breadcrumbs-content":"","ast-featured-img":"","footer-sml-layout":"","theme-transparent-header-meta":"","adv-header-id-meta":"","stick-header-meta":"","header-above-stick-meta":"","header-main-stick-meta":"","header-below-stick-meta":""},"categories":[816,762],"tags":[],"acf":[],"_links":{"self":[{"href":"https:\/\/www.cnbb.org.br\/cnbb-app\/wp\/v2\/posts\/19139"}],"collection":[{"href":"https:\/\/www.cnbb.org.br\/cnbb-app\/wp\/v2\/posts"}],"about":[{"href":"https:\/\/www.cnbb.org.br\/cnbb-app\/wp\/v2\/types\/post"}],"author":[{"embeddable":true,"href":"https:\/\/www.cnbb.org.br\/cnbb-app\/wp\/v2\/users\/83"}],"replies":[{"embeddable":true,"href":"https:\/\/www.cnbb.org.br\/cnbb-app\/wp\/v2\/comments?post=19139"}],"version-history":[{"count":0,"href":"https:\/\/www.cnbb.org.br\/cnbb-app\/wp\/v2\/posts\/19139\/revisions"}],"wp:featuredmedia":[{"embeddable":true,"href":"https:\/\/www.cnbb.org.br\/cnbb-app\/wp\/v2\/media\/10005"}],"wp:attachment":[{"href":"https:\/\/www.cnbb.org.br\/cnbb-app\/wp\/v2\/media?parent=19139"}],"wp:term":[{"taxonomy":"category","embeddable":true,"href":"https:\/\/www.cnbb.org.br\/cnbb-app\/wp\/v2\/categories?post=19139"},{"taxonomy":"post_tag","embeddable":true,"href":"https:\/\/www.cnbb.org.br\/cnbb-app\/wp\/v2\/tags?post=19139"}],"curies":[{"name":"wp","href":"https:\/\/api.w.org\/{rel}","templated":true}]}}