{"id":19204,"date":"2014-04-25T00:00:00","date_gmt":"2014-04-25T03:00:00","guid":{"rendered":"https:\/\/www.cnbb.org.br\/rede-caritas-do-cone-sul-realiza-seminario-em-recife\/"},"modified":"2014-04-25T00:00:00","modified_gmt":"2014-04-25T03:00:00","slug":"rede-caritas-do-cone-sul-realiza-seminario-em-recife","status":"publish","type":"post","link":"https:\/\/www.cnbb.org.br\/rede-caritas-do-cone-sul-realiza-seminario-em-recife\/","title":{"rendered":"Rede C\u00e1ritas do Cone Sul realiza semin\u00e1rio em Recife"},"content":{"rendered":"<p style=\"text-align: justify\">Representantes do Brasil, Argentina, Chile, Paraguai e Uruguai participam do semin\u00e1rio \u201cColombianito Cone Sul\u201d, que acontece de 27 a 29 de abril, em Recife (PE). O evento da Zona Cone Sul da Rede C\u00e1ritas na Am\u00e9rica Latina e Caribe \u00e9 uma prepara\u00e7\u00e3o para o XVII Congresso Latino Americano e Caribenho da C\u00e1ritas e faz parte das mobiliza\u00e7\u00f5es da campanha mundial \u201cUma fam\u00edlia humana, p\u00e3o e justi\u00e7a para todas as pessoas\u201d.<\/p>\n<p><!--more--><\/p>\n<p style=\"text-align: justify\">\u00a0<span style=\"line-height: 1.3em\">O tema do \u201cColombianito Cone Sul\u201d \u00e9 \u201cA dimens\u00e3o social da evangeliza\u00e7\u00e3o na Am\u00e9rica Latina e no Caribe\u201d e o lema \u201cUma s\u00f3 fam\u00edlia, alimento para todos\u201d. Para a diretora executiva nacional da C\u00e1ritas Brasileira, o semin\u00e1rio quer responder ao desafio da Rede C\u00e1ritas na regi\u00e3o em viver com entusiasmo e alegria o Evangelho da fraternidade e da justi\u00e7a no tempo atual. &#8220;Nesse Colombianito vamos nos debru\u00e7ar sobre as nossas realidades no Cone Sul&#8221;, comentou.<\/span><\/p>\n<p style=\"text-align: justify\">Fazem parte da programa\u00e7\u00e3o debates sobre temas relacionados ao desenvolvimento, \u00e0 seguran\u00e7a alimentar e \u00e0 pobreza; an\u00e1lises de conjuntura da realidade pol\u00edtica e social da Am\u00e9rica Latina e da Igreja; grupos tem\u00e1ticos sobre emerg\u00eancias e gest\u00e3o de risco, equidade entre homens e mulheres, juventude e comunica\u00e7\u00e3o. Os participantes avaliam, ainda, a atua\u00e7\u00e3o da Rede C\u00e1ritas na Am\u00e9rica Latina, nos \u00faltimos quatro anos, e constru\u00e7\u00e3o de a\u00e7\u00f5es conjuntas para os pr\u00f3ximos anos.<\/p>\n<p style=\"text-align: justify\">Em rela\u00e7\u00e3o \u00e0 campanha mundial \u201cUma fam\u00edlia humana, p\u00e3o e justi\u00e7a para todas as pessoas\u201d, o encontro do Cone Sul servir\u00e1 para dar continuidade na constru\u00e7\u00e3o e na defini\u00e7\u00e3o de propostas de a\u00e7\u00f5es. &#8220;A campanha nos desafia a enfrentar a realidade de pobreza, de fome e de desigualdade que milh\u00f5es de pessoas ainda sofrem. Ela nos d\u00e1 a oportunidade de voltar o nosso olhar para os empobrecidos para construirmos propostas efetivas de mudan\u00e7a. Vivenciar e enfrentar essas realidades significam buscar viver verdadeiramente o projeto de Jesus Cristo&#8221;, disse a diretora.<\/p>\n<p style=\"text-align: justify\">O bispo da diocese de El Vig\u00eda, em San Carlos, na Venezuela e presidente da C\u00e1ritas na Am\u00e9rica Latina e Caribe, dom Jos\u00e9 Luis Azuaje Ayala, est\u00e1 presente no semin\u00e1rio. Nas mesas de debates, participam a fil\u00f3sofa e te\u00f3loga, Maristela Tezza; o mestre em Sociologia e especialista em Direitos Humanos, Irio Luiz Conti; o p\u00f3s doutor em Sociologia, Paulo Henrique Novaes Martins de Albuquerque; o assessor da C\u00e1ritas Brasileira Regional Minas Gerais, M\u00e1rcio Adriano Lima; e o doutor em Antropologia e Sociologia Pol\u00edtica, Alder J\u00falio Ferreira Calado.<\/p>\n","protected":false},"excerpt":{"rendered":"<p>Representantes do Brasil, Argentina, Chile, Paraguai e Uruguai participam do semin\u00e1rio \u201cColombianito Cone Sul\u201d, que acontece de 27 a 29 de abril, em Recife (PE). O evento da Zona Cone Sul da Rede C\u00e1ritas na Am\u00e9rica Latina e Caribe \u00e9 uma prepara\u00e7\u00e3o para o XVII Congresso Latino Americano e Caribenho da C\u00e1ritas e faz parte &hellip;<\/p>\n<p class=\"read-more\"> <a class=\"\" href=\"https:\/\/www.cnbb.org.br\/rede-caritas-do-cone-sul-realiza-seminario-em-recife\/\"> <span class=\"screen-reader-text\">Rede C\u00e1ritas do Cone Sul realiza semin\u00e1rio em Recife<\/span> Leia mais &raquo;<\/a><\/p>\n","protected":false},"author":83,"featured_media":19205,"comment_status":"open","ping_status":"open","sticky":false,"template":"","format":"standard","meta":{"site-sidebar-layout":"default","site-content-layout":"default","ast-global-header-display":"","ast-banner-title-visibility":"","ast-main-header-display":"","ast-hfb-above-header-display":"","ast-hfb-below-header-display":"","ast-hfb-mobile-header-display":"","site-post-title":"","ast-breadcrumbs-content":"","ast-featured-img":"","footer-sml-layout":"","theme-transparent-header-meta":"","adv-header-id-meta":"","stick-header-meta":"","header-above-stick-meta":"","header-main-stick-meta":"","header-below-stick-meta":""},"categories":[816,762],"tags":[],"acf":[],"_links":{"self":[{"href":"https:\/\/www.cnbb.org.br\/cnbb-app\/wp\/v2\/posts\/19204"}],"collection":[{"href":"https:\/\/www.cnbb.org.br\/cnbb-app\/wp\/v2\/posts"}],"about":[{"href":"https:\/\/www.cnbb.org.br\/cnbb-app\/wp\/v2\/types\/post"}],"author":[{"embeddable":true,"href":"https:\/\/www.cnbb.org.br\/cnbb-app\/wp\/v2\/users\/83"}],"replies":[{"embeddable":true,"href":"https:\/\/www.cnbb.org.br\/cnbb-app\/wp\/v2\/comments?post=19204"}],"version-history":[{"count":0,"href":"https:\/\/www.cnbb.org.br\/cnbb-app\/wp\/v2\/posts\/19204\/revisions"}],"wp:featuredmedia":[{"embeddable":true,"href":"https:\/\/www.cnbb.org.br\/cnbb-app\/wp\/v2\/media\/19205"}],"wp:attachment":[{"href":"https:\/\/www.cnbb.org.br\/cnbb-app\/wp\/v2\/media?parent=19204"}],"wp:term":[{"taxonomy":"category","embeddable":true,"href":"https:\/\/www.cnbb.org.br\/cnbb-app\/wp\/v2\/categories?post=19204"},{"taxonomy":"post_tag","embeddable":true,"href":"https:\/\/www.cnbb.org.br\/cnbb-app\/wp\/v2\/tags?post=19204"}],"curies":[{"name":"wp","href":"https:\/\/api.w.org\/{rel}","templated":true}]}}