{"id":19324,"date":"2010-11-19T00:00:00","date_gmt":"2010-11-19T02:00:00","guid":{"rendered":"https:\/\/www.cnbb.org.br\/dia-nacional-dos-leigos-ajuda-a-aprofundar-vocacao-laical-diz-presidente-do-cnlb\/"},"modified":"2010-11-19T00:00:00","modified_gmt":"2010-11-19T02:00:00","slug":"dia-nacional-dos-leigos-ajuda-a-aprofundar-vocacao-laical-diz-presidente-do-cnlb","status":"publish","type":"post","link":"https:\/\/www.cnbb.org.br\/dia-nacional-dos-leigos-ajuda-a-aprofundar-vocacao-laical-diz-presidente-do-cnlb\/","title":{"rendered":"Dia Nacional dos Leigos ajuda a aprofundar voca\u00e7\u00e3o laical, diz presidente do CNLB"},"content":{"rendered":"<p style=\"text-align: justify\">No pr\u00f3ximo domingo, 21, a Igreja no Brasil celebra o Dia Nacional dos Crist\u00e3os Leigos e Leigas. A data ocorre sempre no \u00faltimo domingo do Ano Lit\u00fargico, na Festa de Cristo Rei do Universo.<\/p>\n<p><!--more--><\/p>\n<p style=\"text-align: justify\">Na abertura da V Confer\u00eancia dos Bispos da Am\u00e9rica Latina e Caribe,em Aparecida (SP), em 2007, o papa Bento XVI convocou os crist\u00e3os leigos a assumirem a sua miss\u00e3o com \u201caud\u00e1cia e entusiasmo\u201d. Segundo o Papa, os leigos \u201cdevem sentir-se co-respons\u00e1veis na constru\u00e7\u00e3o da sociedade segundo os crit\u00e9rios do Evangelho, em comunh\u00e3o com os seus pastores\u201d. Bento XVI deu ainda um recado para a Igreja: \u201cPromover um laicato amadurecido, respons\u00e1vel com a miss\u00e3o de anunciar e fazer vis\u00edvel o Reino do Senhor\u201d.<\/p>\n<p style=\"text-align: justify\">Esta voca\u00e7\u00e3o dos leigos \u00e9 recordada pelo presidente do Conselho Nacional do Laicato do Brasil (CNLB), Laudelino Augusto. \u201cO Dia Nacional do Crist\u00e3o Leigo nos leva a refletir e aprofundar nossa identidade, voca\u00e7\u00e3o e miss\u00e3o; a celebrar nossa vida como membros do Corpo Eclesial e a homenagear a tantos que assumem o laicato\u201d, destacou Laudelino. Ele cita o papa Jo\u00e3o Paulo II para lembrar que \u201da voca\u00e7\u00e3o e miss\u00e3o dos crist\u00e3os leigos se realizam na Igreja e no mundo. Na Igreja, s\u00e3o v\u00e1rios minist\u00e9rios confiados aos leigos e leigas, para a edifica\u00e7\u00e3o do Corpo Eclesial e, no mundo, a constru\u00e7\u00e3o da sociedade justa e solid\u00e1ria, no trabalho, na fam\u00edlia, na educa\u00e7\u00e3o, na cultura, na pol\u00edtica&#8230;\u201d.<\/p>\n<h4 style=\"text-align: justify\">Sujeitos de direitos<\/h4>\n<p style=\"text-align: justify\">Para o bispo respons\u00e1vel pelo Setor Leigos da Confer\u00eancia Nacional dos Bispos do Brasil (CNBB), dom Ant\u00f4nio Celso de Queir\u00f3s, a Igreja caminha, cada dia mais, para a consolida\u00e7\u00e3o do leigo como parte principal da sua estrutura.<\/p>\n<p style=\"text-align: justify\">\u201cOs leigos s\u00e3o a parte principal da Igreja. S\u00e3o a grande parte do povo de Deus. Hoje h\u00e1 todo um esfor\u00e7o na Igreja, n\u00e3o s\u00f3 no Brasil, mas no mundo todo, para compreender que os leigos s\u00e3o sujeitos de Pastoral, portanto, sujeitos de direitos e de miss\u00e3o dentro da Igreja. Sem os leigos, temos uma Igreja manca, uma Igreja que \u00e9 capaz de falar, de propor o Evangelhos, os valores humanos, sobretudo na sociedade, mas n\u00e3o tem bra\u00e7os para realizar. Sem o leigo n\u00e3o h\u00e1 Igreja!\u201d, afirmou.<\/p>\n<p style=\"text-align: justify\">O bispo respons\u00e1vel pelas Comunidades Eclesiais de Base (CEB\u2019s), dom Adriano Ciocca, exorta os leigos a se comprometerem com a miss\u00e3o.<\/p>\n<p style=\"text-align: justify\">\u201cO tempo que estamos vivendo, principalmente depois da Confer\u00eancia de Aparecida, impele a todos n\u00f3s crist\u00e3os a assumir o compromisso da miss\u00e3o. Uma miss\u00e3o que deve ser convers\u00e3o das comunidades, da Igreja, Pastoral, mas tamb\u00e9m abertura para uma nova Evangeliza\u00e7\u00e3o que abranja todos aqueles que foram batizados e n\u00e3o conhecem a f\u00e9 e nem nunca ouviram falar da figura de Jesus Cristo\u201d, disse.<\/p>\n<h4 style=\"text-align: justify\">Hist\u00f3rico<\/h4>\n<p style=\"text-align: justify\">Desde o ano de 1991, o Dia Nacional dos Crist\u00e3os Leigos \u00e9 comemorado na Festa de Cristo Rei, que marca o fim do ano lit\u00fargico na Igreja. A data foi definida pela Assembleia Geral do CNLB, em continuidade com a tradi\u00e7\u00e3o da A\u00e7\u00e3o Cat\u00f3lica que realizava, nesta festa, a renova\u00e7\u00e3o das promessas batismais e refletia sobre a miss\u00e3o dos leigos.<\/p>\n<p style=\"text-align: justify\">Todos os anos, o CNLB apresenta temas e sugest\u00f5es de celebra\u00e7\u00f5es para esse dia com o objetivo de fazer crescer a consci\u00eancia da voca\u00e7\u00e3o dos leigos na Igreja e no mundo. Cada diocese \u00e9 respons\u00e1vel pela comemora\u00e7\u00e3o da data.<\/p>\n<p style=\"text-align: justify\">Confira a Mensagem para o Dia Nacional do Leigo 2010 dos membros da Comiss\u00e3o para o Laicato:<\/p>\n<ul>\n<li><span class=\"ja-video-thumb\">{japopup type=&#8221;youtube&#8221; content=&#8221;http:\/\/www.youtube.com\/v\/g8kiek5mtqU?fs=1&amp;hl=pt_BR&amp;rel=0;&#8221; width=&#8221;640&#8243; height=&#8221;380&#8243; title=&#8221;Mensagem para o Dia Nacional do Leigo 2010: Dom Jos\u00e9 Luiz Bertanha&#8221;}Dom Jos\u00e9 Luiz Bertanha{\/japopup}<\/span><\/li>\n<li><span class=\"ja-video-thumb\">{japopup type=&#8221;youtube&#8221; content=&#8221;http:\/\/www.youtube.com\/v\/8eLiDj_7SH4?fs=1&amp;hl=pt_BR&amp;rel=0;&#8221; width=&#8221;640&#8243; height=&#8221;380&#8243; title=&#8221;Mensagem para o Dia Nacional do Leigo 2010: Marilza Lopes&#8221;}Marilza Lopes{\/japopup}<\/span><\/li>\n<li><span class=\"ja-video-thumb\">{japopup type=&#8221;youtube&#8221; content=&#8221;http:\/\/www.youtube.com\/v\/hE1WNsfhcWU?fs=1&amp;hl=pt_BR&amp;rel=0;&#8221; width=&#8221;640&#8243; height=&#8221;380&#8243; title=&#8221;Mensagem para o Dia Nacional do Leigo 2010: Dom Ant\u00f4nio Celso de Queir\u00f3s&#8221;}Dom Ant\u00f4nio Celso de Queir\u00f3s{\/japopup}<\/span><\/li>\n<li><span class=\"ja-video-thumb\">{japopup type=&#8221;youtube&#8221; content=&#8221;http:\/\/www.youtube.com\/v\/SZyKU2eXdG0?fs=1&amp;hl=pt_BR&amp;rel=0;&#8221; width=&#8221;640&#8243; height=&#8221;380&#8243; title=&#8221;Mensagem para o Dia Nacional do Leigo 2010: Dom Adriano Ciocca&#8221;}Dom Adriano Ciocca{\/japopup}<\/span><\/li>\n<li><span class=\"ja-video-thumb\">{japopup type=&#8221;youtube&#8221; content=&#8221;http:\/\/www.youtube.com\/v\/7IJHAZVSmE8?fs=1&amp;hl=pt_BR&amp;rel=0;&#8221; width=&#8221;640&#8243; height=&#8221;380&#8243; title=&#8221;Mensagem para o Dia Nacional do Leigo 2010: Dom Pedro Luiz Stringuini&#8221;}Dom Pedro Luiz Stringuini{\/japopup}<\/span><\/li>\n<\/ul>\n","protected":false},"excerpt":{"rendered":"<p>No pr\u00f3ximo domingo, 21, a Igreja no Brasil celebra o Dia Nacional dos Crist\u00e3os Leigos e Leigas. A data ocorre sempre no \u00faltimo domingo do Ano Lit\u00fargico, na Festa de Cristo Rei do Universo.<\/p>\n","protected":false},"author":83,"featured_media":19325,"comment_status":"open","ping_status":"open","sticky":false,"template":"","format":"standard","meta":{"site-sidebar-layout":"default","site-content-layout":"default","ast-global-header-display":"","ast-banner-title-visibility":"","ast-main-header-display":"","ast-hfb-above-header-display":"","ast-hfb-below-header-display":"","ast-hfb-mobile-header-display":"","site-post-title":"","ast-breadcrumbs-content":"","ast-featured-img":"","footer-sml-layout":"","theme-transparent-header-meta":"","adv-header-id-meta":"","stick-header-meta":"","header-above-stick-meta":"","header-main-stick-meta":"","header-below-stick-meta":""},"categories":[835,762],"tags":[],"acf":[],"_links":{"self":[{"href":"https:\/\/www.cnbb.org.br\/cnbb-app\/wp\/v2\/posts\/19324"}],"collection":[{"href":"https:\/\/www.cnbb.org.br\/cnbb-app\/wp\/v2\/posts"}],"about":[{"href":"https:\/\/www.cnbb.org.br\/cnbb-app\/wp\/v2\/types\/post"}],"author":[{"embeddable":true,"href":"https:\/\/www.cnbb.org.br\/cnbb-app\/wp\/v2\/users\/83"}],"replies":[{"embeddable":true,"href":"https:\/\/www.cnbb.org.br\/cnbb-app\/wp\/v2\/comments?post=19324"}],"version-history":[{"count":0,"href":"https:\/\/www.cnbb.org.br\/cnbb-app\/wp\/v2\/posts\/19324\/revisions"}],"wp:featuredmedia":[{"embeddable":true,"href":"https:\/\/www.cnbb.org.br\/cnbb-app\/wp\/v2\/media\/19325"}],"wp:attachment":[{"href":"https:\/\/www.cnbb.org.br\/cnbb-app\/wp\/v2\/media?parent=19324"}],"wp:term":[{"taxonomy":"category","embeddable":true,"href":"https:\/\/www.cnbb.org.br\/cnbb-app\/wp\/v2\/categories?post=19324"},{"taxonomy":"post_tag","embeddable":true,"href":"https:\/\/www.cnbb.org.br\/cnbb-app\/wp\/v2\/tags?post=19324"}],"curies":[{"name":"wp","href":"https:\/\/api.w.org\/{rel}","templated":true}]}}