{"id":19390,"date":"2011-03-11T00:00:00","date_gmt":"2011-03-11T03:00:00","guid":{"rendered":"https:\/\/www.cnbb.org.br\/seminario-teologico-do-conic-discute-ecumenismo-no-brasil\/"},"modified":"2011-03-11T00:00:00","modified_gmt":"2011-03-11T03:00:00","slug":"seminario-teologico-do-conic-discute-ecumenismo-no-brasil","status":"publish","type":"post","link":"https:\/\/www.cnbb.org.br\/seminario-teologico-do-conic-discute-ecumenismo-no-brasil\/","title":{"rendered":"Semin\u00e1rio Teol\u00f3gico do Conic discute \u201cEcumenismo no Brasil\u201d"},"content":{"rendered":"<p style=\"text-align: justify\">A Comiss\u00e3o Teol\u00f3gica do Conselho Nacional de Igrejas Crist\u00e3s (Conic) realizou entre os dias 9 e 10, no Rio de Janeiro, o Semin\u00e1rio Teol\u00f3gico, \u201cEcumenismo no Brasil &#8211; Desafios, Anseios e Perspectivas: Uma reflex\u00e3o sobre o papel das igrejas e organismos no contexto do movimento ecum\u00eanico brasileiro\u201d.\u00a0 O evento antecedeu a 14\u00aa Assembleia do Conic, que come\u00e7a nesta sexta-feira e segue at\u00e9 amanh\u00e3, 12.<\/p>\n<p><!--more--><\/p>\n<p style=\"text-align: justify\">De acordo com o coordenador da Comiss\u00e3o Teol\u00f3gica, padre Elias Wolff, o Semin\u00e1rio prop\u00f4s-se a refletir a atua\u00e7\u00e3o das igrejas crist\u00e3s no di\u00e1logo inter-religioso, discutindo estrat\u00e9gias para o estabelecimento de uma atua\u00e7\u00e3o ecum\u00eanica cada vez mais ampla.<\/p>\n<p style=\"text-align: justify\">Uma das t\u00f4nicas do semin\u00e1rio foi a converg\u00eancia em torno de um dos passos metodol\u00f3gicos propostos pela Comiss\u00e3o. O primeiro grande passo para o di\u00e1logo seria o reconhecimento do valor do outro. Conforme o documento de s\u00edntese do encontro, \u201creconhecer \u00e9 mais do que tolerar. Reconhecer \u00e9 acolher o outro no seu pr\u00f3prio modo de ser, de agir e de crer\u201d.<\/p>\n<p style=\"text-align: justify\">Em suas reflex\u00f5es, os participantes passaram a elaborar sugest\u00f5es claras de incid\u00eancia ecum\u00eanica na quest\u00e3o do di\u00e1logo inter-religioso, como a inclus\u00e3o do tema como mat\u00e9ria no curr\u00edculo de ensino religioso e a vigil\u00e2ncia e eventual den\u00fancia, por parte do Conic, de situa\u00e7\u00f5es de intoler\u00e2ncia religiosa no pa\u00eds.<\/p>\n<p style=\"text-align: justify\">Tendo como principal finalidade a promo\u00e7\u00e3o do di\u00e1logo intereclesial, o Conic vem ampliando a sua a\u00e7\u00e3o e acompanhando as iniciativas de di\u00e1logo inter-religioso. A motiva\u00e7\u00e3o para tal vai al\u00e9m dos fatores contextuais. \u201cMais do que uma exig\u00eancia da realidade social, para as igrejas, o di\u00e1logo inter-religioso tem fundamenta\u00e7\u00e3o b\u00edblico-teol\u00f3gica\u201d, destaca o texto de s\u00edntese.<\/p>\n<p style=\"text-align: justify\">Padre Elias aponta que, para promover o di\u00e1logo inter-religioso, \u00e9 necess\u00e1rio que as Igrejas desenvolvam, nas comunidades, um processo de educa\u00e7\u00e3o tendo como base tr\u00eas elementos: \u201cConhecimento das diferentes tradi\u00e7\u00f5es religiosas locais, a pr\u00e1tica da conviv\u00eancia efetiva e uma espiritualidade de acolhida das diferentes express\u00f5es de f\u00e9\u201d, acrescentou padre Elias.<\/p>\n<p style=\"text-align: justify\">O pastor sinodal Jorge Schieferdecker, da delega\u00e7\u00e3o da Igreja Evang\u00e9lica de Confiss\u00e3o Luterana do Brasil (IECLB), destaca que \u201ca pluralidade cultural e religiosa do Brasil \u00e9 um desafio para a Igreja Crist\u00e3, especialmente no que tange a pr\u00e1tica mission\u00e1ria. Rever\u00eancia a diferentes express\u00f5es de f\u00e9 \u00e9 um dos pontos de partida do testemunho evang\u00e9lico\u201d.<\/p>\n","protected":false},"excerpt":{"rendered":"<p>A Comiss\u00e3o Teol\u00f3gica do Conselho Nacional de Igrejas Crist\u00e3s (Conic) realizou entre os dias 9 e 10, no Rio de Janeiro, o Semin\u00e1rio Teol\u00f3gico, \u201cEcumenismo no Brasil &#8211; Desafios, Anseios e Perspectivas: Uma reflex\u00e3o sobre o papel das igrejas e organismos no contexto do movimento ecum\u00eanico brasileiro\u201d.\u00a0 O evento antecedeu a 14\u00aa Assembleia do Conic, &hellip;<\/p>\n<p class=\"read-more\"> <a class=\"\" href=\"https:\/\/www.cnbb.org.br\/seminario-teologico-do-conic-discute-ecumenismo-no-brasil\/\"> <span class=\"screen-reader-text\">Semin\u00e1rio Teol\u00f3gico do Conic discute \u201cEcumenismo no Brasil\u201d<\/span> Leia mais &raquo;<\/a><\/p>\n","protected":false},"author":83,"featured_media":19391,"comment_status":"open","ping_status":"open","sticky":false,"template":"","format":"standard","meta":{"site-sidebar-layout":"default","site-content-layout":"default","ast-global-header-display":"","ast-banner-title-visibility":"","ast-main-header-display":"","ast-hfb-above-header-display":"","ast-hfb-below-header-display":"","ast-hfb-mobile-header-display":"","site-post-title":"","ast-breadcrumbs-content":"","ast-featured-img":"","footer-sml-layout":"","theme-transparent-header-meta":"","adv-header-id-meta":"","stick-header-meta":"","header-above-stick-meta":"","header-main-stick-meta":"","header-below-stick-meta":""},"categories":[915,762],"tags":[],"acf":[],"_links":{"self":[{"href":"https:\/\/www.cnbb.org.br\/cnbb-app\/wp\/v2\/posts\/19390"}],"collection":[{"href":"https:\/\/www.cnbb.org.br\/cnbb-app\/wp\/v2\/posts"}],"about":[{"href":"https:\/\/www.cnbb.org.br\/cnbb-app\/wp\/v2\/types\/post"}],"author":[{"embeddable":true,"href":"https:\/\/www.cnbb.org.br\/cnbb-app\/wp\/v2\/users\/83"}],"replies":[{"embeddable":true,"href":"https:\/\/www.cnbb.org.br\/cnbb-app\/wp\/v2\/comments?post=19390"}],"version-history":[{"count":0,"href":"https:\/\/www.cnbb.org.br\/cnbb-app\/wp\/v2\/posts\/19390\/revisions"}],"wp:featuredmedia":[{"embeddable":true,"href":"https:\/\/www.cnbb.org.br\/cnbb-app\/wp\/v2\/media\/19391"}],"wp:attachment":[{"href":"https:\/\/www.cnbb.org.br\/cnbb-app\/wp\/v2\/media?parent=19390"}],"wp:term":[{"taxonomy":"category","embeddable":true,"href":"https:\/\/www.cnbb.org.br\/cnbb-app\/wp\/v2\/categories?post=19390"},{"taxonomy":"post_tag","embeddable":true,"href":"https:\/\/www.cnbb.org.br\/cnbb-app\/wp\/v2\/tags?post=19390"}],"curies":[{"name":"wp","href":"https:\/\/api.w.org\/{rel}","templated":true}]}}