{"id":19394,"date":"2011-03-24T00:00:00","date_gmt":"2011-03-24T03:00:00","guid":{"rendered":"https:\/\/www.cnbb.org.br\/novo-presidente-do-conic-afirma-que-pretende-articular-as-bases-para-reforcar-o-ecumenismo-no-brasil\/"},"modified":"2011-03-24T00:00:00","modified_gmt":"2011-03-24T03:00:00","slug":"novo-presidente-do-conic-afirma-que-pretende-articular-as-bases-para-reforcar-o-ecumenismo-no-brasil","status":"publish","type":"post","link":"https:\/\/www.cnbb.org.br\/novo-presidente-do-conic-afirma-que-pretende-articular-as-bases-para-reforcar-o-ecumenismo-no-brasil\/","title":{"rendered":"Novo presidente do CONIC afirma que pretende articular as bases para refor\u00e7ar o ecumenismo no Brasil"},"content":{"rendered":"<p style=\"text-align: justify\">O bispo da diocese de Chapec\u00f3 (SC), dom Manoel Jo\u00e3o Francisco, foi escolhido, no \u00faltimo dia 12, como novo presidente do Conselho Nacional de Igrejas Crist\u00e3s do Brasil (CONIC). Ele foi eleito durante a 14\u00aa Assembleia Geral do Conselho, que aconteceu no Rio de Janeiro (RJ). Dom Manoel suceder\u00e1 ao pastor sinodal Carlos Augusto M\u00f6ller, da Igreja Evang\u00e9lica de Confiss\u00e3o Luterana no Brasil (IECLB), no cargo desde 2006.<\/p>\n<p><!--more--><\/p>\n<p style=\"text-align: justify\">Em entrevista \u00e0 assessoria de imprensa da Confer\u00eancia Nacional dos Bispos do Brasil (CNBB), o novo presidente do CONIC afirmou que o seu maior desafio, \u00e0 frente do CONIC, ser\u00e1 levar at\u00e9 as bases, toda a articula\u00e7\u00e3o necess\u00e1ria para um maior crescimento, tanto institucional, quanto ecum\u00eanico.<\/p>\n<p style=\"text-align: justify\">\u201cA minha prioridade como presidente CONIC ser\u00e1 priorizar as bases, articulando o trabalho e a viv\u00eancia ecum\u00eanica, que j\u00e1 existem no Brasil, e incentivar mais o desejo ecum\u00eanico\u201d, disse dom Manoel Jo\u00e3o Francisco.<\/p>\n<p style=\"text-align: justify\">Leia abaixo a \u00edntegra da entrevista de dom Manoel \u00e0 assessoria de imprensa da CNBB.<\/p>\n<p style=\"text-align: justify\"><strong>Como o senhor acolheu sua escolha para presidir o Conselho Nacional de Igrejas Crist\u00e3s, o CONIC?<\/strong><\/p>\n<p style=\"text-align: justify\"><em>Eu recebi com alegria e ao mesmo tempo com certa apreens\u00e3o, pois a CNBB depositou em mim a honra de ser o presidente de uma institui\u00e7\u00e3o t\u00e3o respeitada e digna que \u00e9 o CONIC, e sei da responsabilidade do organismo em si, mas sei tamb\u00e9m da responsabilidade de representar a igreja cat\u00f3lica neste no CONIC. Confio na Palavra do Pai e sei que Ele vai me guiar, juntamente com a diretoria rec\u00e9m-eleita, para realizarmos um trabalho que possa atender as expectativas tanto da entidade quanto das igrejas-membro.<\/em><\/p>\n<p style=\"text-align: justify\"><strong>O que vai representar o seu mandato \u00e0 frente do CONIC?<\/strong><\/p>\n<p style=\"text-align: justify\"><em>O meu mandato vai representar exatamente o desejo de sairmos um pouco das elites. Eu tenho a impress\u00e3o de que o ecumenismo no Brasil, hoje, est\u00e1 nas elites. Ent\u00e3o ele [o ecumenismo] precisa ir para as bases, ent\u00e3o vou procurar estar em contato maior com as representa\u00e7\u00f5es dos Regionais, e a partir das organiza\u00e7\u00f5es dos Regionais, atingir outras entidades que est\u00e3o ligadas \u00e0s outras igrejas, e assim fazer com que o ecumenismo possa crescer e florescer, para que ele n\u00e3o fique apenas como um ecumenismo de c\u00fapula. O ecumenismo no Brasil precisa dar este passo, se articular nas bases.<\/em><\/p>\n<p style=\"text-align: justify\"><strong>O senhor acredita que o CONIC tem um papel importante na defesa dos Direitos Humanos e no Di\u00e1logo Ecum\u00eanico?<\/strong><\/p>\n<p style=\"text-align: justify\"><em>Sim, o CONIC tem uma hist\u00f3ria que sempre foi pautada na defesa dos Direitos Humanos e se engajou em diversas lutas, at\u00e9 mesmo no tempo da Constituinte, dos movimentos de base e de organismos para a defesa dos Direitos Humanos, como a dos povos ind\u00edgenas, dos quilombolas, das mulheres, e tantas outras bandeiras. Ultimamente se engajou na quest\u00e3o do Projeto de Lei Ficha Limpa, ajudando no recolhimento das assinaturas para enviar ao Congresso Nacional, ent\u00e3o o CONIC sempre esteve envolvido na luta dos direitos, e \u00e9 claro que vai continuar, e no nosso mandato vamos at\u00e9 incentivar mais essa participa\u00e7\u00e3o e este envolvimento. Em rela\u00e7\u00e3o ao ecumenismo, o CONIC nasceu com esta inten\u00e7\u00e3o, procurou e tem tentado trazer sempre a unidade entre os crist\u00e3os. Temos a consci\u00eancia da necessidade e da import\u00e2ncia da unidade dos crist\u00e3os, para que, como disse Jesus Cristo, \u201co mundo creia\u201d. Sabemos que a f\u00e9 crist\u00e3 s\u00f3 aumentar\u00e1 no mundo \u00e0 medida que os crist\u00e3os estiverem unidos. E neste sentido o CONIC tem feito um trabalho muito bonito.<\/em><\/p>\n<p style=\"text-align: justify\"><strong>Quais s\u00e3o os desafios do ecumenismo hoje?<\/strong><\/p>\n<p style=\"text-align: justify\"><em>O maior desafio \u00e9 o j\u00e1 citado ecumenismo desarticulado nas bases e cada vez mais se articulando apenas nas c\u00fapulas. Ent\u00e3o o grande desafio hoje \u00e9 articular todo esse trabalho e toda essa viv\u00eancia ecum\u00eanica que j\u00e1 existe no Brasil entre os fieis e as v\u00e1rias organiza\u00e7\u00f5es, que \u00e0s vezes precisam de um \u00e2nimo, de um f\u00f4lego novo, com o apoio de uma entidade maior, que \u00e9 o CONIC.<\/em><\/p>\n<p style=\"text-align: justify\"><strong>O seu mandato ter\u00e1 alguma prioridade especial?<\/strong><\/p>\n<p style=\"text-align: justify\"><em>A prioridade do meu mandato ser\u00e1, em primeiro lugar, trabalhar unido com toda a diretoria. N\u00f3s devemos estar muito bem articulados, muito bem unidos. Em seguida, a\u00ed sim, devemos acolher as sugest\u00f5es que vieram da Assembleia que me elegeu. L\u00e1 [Assembleia] foram apresentadas diversas sugest\u00f5es, ent\u00e3o vamos acolher estas sugest\u00f5es e procurar p\u00f4-las em pr\u00e1tica. Uma das sugest\u00f5es \u00e9 chamar as entidades membro, as nossas representa\u00e7\u00f5es nos Regionais e nos estados, e atrav\u00e9s dessas representa\u00e7\u00f5es, ent\u00e3o, chegar \u00e0s bases. Parece-me que a prioridade ser\u00e1 levar \u00e0s bases\u00a0 toda uma articula\u00e7\u00e3o do trabalho e da viv\u00eancia ecum\u00eanica, que j\u00e1 existe no Brasil, e incentivar mais este trabalho e esta viv\u00eancia.<\/em><\/p>\n","protected":false},"excerpt":{"rendered":"<p>O bispo da diocese de Chapec\u00f3 (SC), dom Manoel Jo\u00e3o Francisco, foi escolhido, no \u00faltimo dia 12, como novo presidente do Conselho Nacional de Igrejas Crist\u00e3s do Brasil (CONIC). Ele foi eleito durante a 14\u00aa Assembleia Geral do Conselho, que aconteceu no Rio de Janeiro (RJ). Dom Manoel suceder\u00e1 ao pastor sinodal Carlos Augusto M\u00f6ller, &hellip;<\/p>\n<p class=\"read-more\"> <a class=\"\" href=\"https:\/\/www.cnbb.org.br\/novo-presidente-do-conic-afirma-que-pretende-articular-as-bases-para-reforcar-o-ecumenismo-no-brasil\/\"> <span class=\"screen-reader-text\">Novo presidente do CONIC afirma que pretende articular as bases para refor\u00e7ar o ecumenismo no Brasil<\/span> Leia mais &raquo;<\/a><\/p>\n","protected":false},"author":83,"featured_media":19395,"comment_status":"open","ping_status":"open","sticky":false,"template":"","format":"standard","meta":{"site-sidebar-layout":"default","site-content-layout":"default","ast-global-header-display":"","ast-banner-title-visibility":"","ast-main-header-display":"","ast-hfb-above-header-display":"","ast-hfb-below-header-display":"","ast-hfb-mobile-header-display":"","site-post-title":"","ast-breadcrumbs-content":"","ast-featured-img":"","footer-sml-layout":"","theme-transparent-header-meta":"","adv-header-id-meta":"","stick-header-meta":"","header-above-stick-meta":"","header-main-stick-meta":"","header-below-stick-meta":""},"categories":[915,762],"tags":[],"acf":[],"_links":{"self":[{"href":"https:\/\/www.cnbb.org.br\/cnbb-app\/wp\/v2\/posts\/19394"}],"collection":[{"href":"https:\/\/www.cnbb.org.br\/cnbb-app\/wp\/v2\/posts"}],"about":[{"href":"https:\/\/www.cnbb.org.br\/cnbb-app\/wp\/v2\/types\/post"}],"author":[{"embeddable":true,"href":"https:\/\/www.cnbb.org.br\/cnbb-app\/wp\/v2\/users\/83"}],"replies":[{"embeddable":true,"href":"https:\/\/www.cnbb.org.br\/cnbb-app\/wp\/v2\/comments?post=19394"}],"version-history":[{"count":0,"href":"https:\/\/www.cnbb.org.br\/cnbb-app\/wp\/v2\/posts\/19394\/revisions"}],"wp:featuredmedia":[{"embeddable":true,"href":"https:\/\/www.cnbb.org.br\/cnbb-app\/wp\/v2\/media\/19395"}],"wp:attachment":[{"href":"https:\/\/www.cnbb.org.br\/cnbb-app\/wp\/v2\/media?parent=19394"}],"wp:term":[{"taxonomy":"category","embeddable":true,"href":"https:\/\/www.cnbb.org.br\/cnbb-app\/wp\/v2\/categories?post=19394"},{"taxonomy":"post_tag","embeddable":true,"href":"https:\/\/www.cnbb.org.br\/cnbb-app\/wp\/v2\/tags?post=19394"}],"curies":[{"name":"wp","href":"https:\/\/api.w.org\/{rel}","templated":true}]}}