{"id":19416,"date":"2014-07-14T00:00:00","date_gmt":"2014-07-14T03:00:00","guid":{"rendered":"https:\/\/www.cnbb.org.br\/conic-divulga-programacao-do-simposio-ecumenico\/"},"modified":"2014-07-14T00:00:00","modified_gmt":"2014-07-14T03:00:00","slug":"conic-divulga-programacao-do-simposio-ecumenico","status":"publish","type":"post","link":"https:\/\/www.cnbb.org.br\/conic-divulga-programacao-do-simposio-ecumenico\/","title":{"rendered":"Conic divulga programa\u00e7\u00e3o do Simp\u00f3sio Ecum\u00eanico"},"content":{"rendered":"<p style=\"text-align: justify\">A programa\u00e7\u00e3o do &#8220;Simp\u00f3sio Ecumenismo e Miss\u00e3o \u2013 Testemunho Crist\u00e3o em um Mundo Plural&#8221; foi divulgada na sexta-feira, dia 11, pelo Conselho Nacional de Igrejas Crist\u00e3s (Conic). O evento, que acontecer\u00e1 em Vargem Grande Paulista (SP), entre os dias 21 e 24 de agosto, \u00e9 organizado em parceria com a Pontif\u00edcia Universidade Cat\u00f3lica do Paran\u00e1 (PUC-PR) e com as Comiss\u00f5es do Ecumenismo, do Laicato e da A\u00e7\u00e3o Mission\u00e1ria da Confer\u00eancia Nacional dos Bispos do Brasil (CNBB).<\/p>\n<p><!--more--><\/p>\n<p style=\"text-align: justify\"><span style=\"line-height: 1.3em\">O Simp\u00f3sio ser\u00e1 aberto com celebra\u00e7\u00e3o no dia 21 de agosto, \u00e0s 20h. Na ocasi\u00e3o, estar\u00e1 presente a diretoria do Conic, que tem como presidente o bispo de Corn\u00e9lio Proc\u00f3pio (PR), dom Manoel Jo\u00e3o Francisco.<\/span><\/p>\n<p style=\"text-align: justify\">Com momentos de espiritualidade, haver\u00e1 um resgate da caminhada hist\u00f3rica do movimento ecum\u00eanico no Brasil, recordando a Confer\u00eancia do Nordeste e Conc\u00edlio Ecum\u00eanico Vaticano II.<\/p>\n<p style=\"text-align: justify\">Debates a partir das tem\u00e1ticas expostas conduzir\u00e3o para outro momento em que ser\u00e3o apresentados uma an\u00e1lise e um diagn\u00f3stico dos desafios para a Miss\u00e3o.<\/p>\n<p style=\"text-align: justify\">O documento \u201cTestemunho Crist\u00e3o num mundo plural\u201d ser\u00e1 objeto de estudos para trabalhos em grupos.<\/p>\n<p style=\"text-align: justify\">Palestras com os temas \u201cB\u00edblia e miss\u00e3o\u201d e \u201cMiss\u00e3o e ecumenismo: documentos, perspectivas de a\u00e7\u00e3o comum\u201d ser\u00e3o os \u00faltimos elementos trabalhados para elabora\u00e7\u00e3o de um documento comum entre os participantes com o t\u00edtulo \u201cTestemunho Crist\u00e3o brasileiro em um mundo plural\u201d.<\/p>\n<p>Veja a programa\u00e7\u00e3o na \u00edntegra:<\/p>\n<p>&nbsp;<\/p>\n<table style=\"width: 554px\" border=\"1\" cellspacing=\"0\" cellpadding=\"0\" align=\"left\">\n<tbody>\n<tr>\n<td width=\"177\">\n<p align=\"center\"><strong>Hora<\/strong><\/p>\n<\/td>\n<td width=\"189\">\n<p align=\"center\"><strong>Tema<\/strong><\/p>\n<\/td>\n<td colspan=\"2\" width=\"180\">\n<p align=\"center\"><strong>Participantes\/ Conferencistas<\/strong><\/p>\n<\/td>\n<\/tr>\n<tr>\n<td colspan=\"4\" width=\"550\">\n<p align=\"center\"><strong>21 de agosto \u2013 quinta-feira &#8211; noite<\/strong><\/p>\n<\/td>\n<\/tr>\n<tr>\n<td width=\"177\">\n<p align=\"center\">20h<\/p>\n<\/td>\n<td width=\"189\">\n<p align=\"center\">Celebra\u00e7\u00e3o de abertura<\/p>\n<\/td>\n<td colspan=\"2\" width=\"180\">\n<p align=\"center\">Diretoria CONIC e celebrantes convidados(as)<\/p>\n<\/td>\n<\/tr>\n<tr>\n<td colspan=\"4\" width=\"550\">\n<p align=\"center\"><strong>22 de agosto \u2013 sexta-feira &#8211; manh\u00e3<\/strong><\/p>\n<\/td>\n<\/tr>\n<tr>\n<td width=\"177\">\n<p align=\"center\">8h<\/p>\n<p align=\"center\">8h30-10h30<\/p>\n<\/td>\n<td width=\"189\">\n<p align=\"center\">Espiritualidade<\/p>\n<p align=\"center\">Resgate da caminhada hist\u00f3rica do movimento ecum\u00eanico no Brasil: Confer\u00eancia do Nordeste e Vaticano II<\/p>\n<\/td>\n<td colspan=\"2\" width=\"180\">\n<p align=\"center\">\n<p align=\"center\">Dr Zwinglio Motta Dias<\/p>\n<p align=\"center\">Dr Pe. Jos\u00e9 Oscar Beozzo<\/p>\n<p align=\"center\">Dr Joanildo Burity<\/p>\n<\/td>\n<\/tr>\n<tr>\n<td width=\"177\">\n<p align=\"center\">10h30<\/p>\n<\/td>\n<td colspan=\"3\" width=\"371\">\n<p align=\"center\"><strong>Intervalo<\/strong><\/p>\n<\/td>\n<\/tr>\n<tr>\n<td width=\"177\">\n<p align=\"center\">11h \u2013 12h<\/p>\n<\/td>\n<td width=\"189\">\n<p align=\"center\">Debate a partir das exposi\u00e7\u00f5es<\/p>\n<\/td>\n<td colspan=\"2\" width=\"180\"><\/td>\n<\/tr>\n<tr>\n<td colspan=\"4\" width=\"550\">\n<p align=\"center\"><strong>22 de agosto \u2013 sexta-feira &#8211; Tarde<\/strong><\/p>\n<\/td>\n<\/tr>\n<tr>\n<td width=\"177\">\n<p align=\"center\">14h \u2013 16h<\/p>\n<\/td>\n<td width=\"189\">\n<p align=\"center\">An\u00e1lise\/diagn\u00f3stico dos desafios para a Miss\u00e3o<\/p>\n<\/td>\n<td colspan=\"2\" width=\"180\">\n<p align=\"center\">Irm\u00e3 Dra. Ignes Costalunga<\/p>\n<p align=\"center\">Dr Roberto Zwetsch<\/p>\n<\/td>\n<\/tr>\n<tr>\n<td width=\"177\">\n<p align=\"center\">16h \u2013 16h30<\/p>\n<\/td>\n<td width=\"189\">\n<p align=\"center\">Intervalo<\/p>\n<\/td>\n<td colspan=\"2\" width=\"180\"><\/td>\n<\/tr>\n<tr>\n<td width=\"177\">\n<p align=\"center\">16h30 \u2013<\/p>\n<\/td>\n<td width=\"189\">\n<p align=\"center\">Apresenta\u00e7\u00e3o do documento \u201cTestemunho Crist\u00e3o num mundo plural\u201d<\/p>\n<\/td>\n<td colspan=\"2\" width=\"180\">\n<p align=\"center\">P. Dr Walter Altmann<\/p>\n<\/td>\n<\/tr>\n<tr>\n<td width=\"177\">\n<p align=\"center\">17h \u00e0s 17h50<\/p>\n<\/td>\n<td width=\"189\">\n<p align=\"center\">Trabalhos em Grupos<\/p>\n<\/td>\n<td colspan=\"2\" width=\"180\">\n<p align=\"center\">Rea\u00e7\u00f5es documento e falas<\/p>\n<\/td>\n<\/tr>\n<tr>\n<td colspan=\"4\" width=\"550\">\n<p align=\"center\"><strong>23 de agosto &#8211; s\u00e1bado &#8211; manh\u00e3<\/strong><\/p>\n<\/td>\n<\/tr>\n<tr>\n<td width=\"177\">\n<p align=\"center\"><strong>8h<\/strong><\/p>\n<p align=\"center\"><strong>8h30 \u2013 10h30<\/strong><\/p>\n<\/td>\n<td width=\"189\">\n<p align=\"center\">Espiritualidade<\/p>\n<p align=\"center\">B\u00edblia e miss\u00e3o<\/p>\n<\/td>\n<td colspan=\"2\" width=\"180\">\n<p align=\"center\">Frei Carlos Mesters<\/p>\n<p align=\"center\">Francisco Orofino<\/p>\n<p align=\"center\">Dra Pa. Wanda Deifelt<\/p>\n<\/td>\n<\/tr>\n<tr>\n<td width=\"177\">\n<p align=\"center\">10h30<\/p>\n<\/td>\n<td width=\"189\">\n<p align=\"center\"><strong>Intervalo<\/strong><\/p>\n<\/td>\n<td colspan=\"2\" width=\"180\"><\/td>\n<\/tr>\n<tr>\n<td width=\"177\">\n<p align=\"center\">11 \u2013 12h<\/p>\n<\/td>\n<td width=\"189\">\n<p align=\"center\">Teologia comum para a miss\u00e3o<\/p>\n<\/td>\n<td colspan=\"2\" width=\"180\">\n<p align=\"center\">Dr. Marcelo Schneider<\/p>\n<\/td>\n<\/tr>\n<tr>\n<td colspan=\"4\" width=\"550\">\n<p align=\"center\"><strong>23 de agosto &#8211; s\u00e1bado \u2013 tarde<\/strong><\/p>\n<\/td>\n<\/tr>\n<tr>\n<td width=\"177\">\n<p align=\"center\">14h \u2013 16h<\/p>\n<\/td>\n<td width=\"189\">\n<p align=\"center\">Miss\u00e3o e ecumenismo: documentos, perspectivas de a\u00e7\u00e3o em comum<\/p>\n<\/td>\n<td colspan=\"2\" width=\"180\">\n<p align=\"center\">Dom Maur\u00edcio Andrade<\/p>\n<p align=\"center\">Pa. Cibele Kuss<\/p>\n<\/td>\n<\/tr>\n<tr>\n<td width=\"177\">\n<p align=\"center\">16h<\/p>\n<\/td>\n<td width=\"189\">\n<p align=\"center\">Intervalo<\/p>\n<\/td>\n<td colspan=\"2\" width=\"180\"><\/td>\n<\/tr>\n<tr>\n<td width=\"177\">\n<p align=\"center\">16h30 \u2013 18 h<\/p>\n<\/td>\n<td width=\"189\">\n<p align=\"center\">Trabalhos em grupo<\/p>\n<\/td>\n<td colspan=\"2\" width=\"180\">\n<p align=\"center\">ELEMENTOS PARA UM DOCUMENTO COMUM<\/p>\n<\/td>\n<\/tr>\n<tr>\n<td width=\"177\">\n<p align=\"center\"><strong>20h<\/strong><\/p>\n<\/td>\n<td colspan=\"3\" width=\"371\">\n<p align=\"center\"><strong>CONFRATERNIZA\u00c7\u00c3O<\/strong><\/p>\n<\/td>\n<\/tr>\n<tr>\n<td colspan=\"4\" width=\"550\">\n<p align=\"center\"><strong>24 de agosto &#8211; domingo \u2013 manh\u00e3<\/strong><\/p>\n<\/td>\n<\/tr>\n<tr>\n<td width=\"177\">\n<p align=\"center\">8h30 -10h30<\/p>\n<\/td>\n<td colspan=\"2\" width=\"268\">\n<p align=\"center\">Apresenta\u00e7\u00e3o e discuss\u00e3o do documento final<\/p>\n<\/td>\n<td width=\"109\"><\/td>\n<\/tr>\n<tr>\n<td width=\"177\">\n<p align=\"center\">10h30 \u2013 10h45<\/p>\n<\/td>\n<td colspan=\"3\" width=\"371\">\n<p align=\"center\"><strong>INTERVALO<\/strong><\/p>\n<\/td>\n<\/tr>\n<tr>\n<td width=\"177\">\n<p align=\"center\">11h-12h<\/p>\n<\/td>\n<td colspan=\"2\" width=\"268\">\n<p align=\"center\">Celebra\u00e7\u00e3o final e compromissos com o documento final Testemunho Crist\u00e3o brasileiro em um mundo plural<\/p>\n<\/td>\n<td width=\"109\">\n<p align=\"center\"><strong>Com presidentes das Igrejas para assinar o documento final (Grupo de celebra\u00e7\u00e3o)<\/strong><\/p>\n<\/td>\n<\/tr>\n<tr>\n<td width=\"177\"><\/td>\n<td width=\"189\"><\/td>\n<td width=\"79\"><\/td>\n<td width=\"109\"><\/td>\n<\/tr>\n<\/tbody>\n<\/table>\n","protected":false},"excerpt":{"rendered":"<p>A programa\u00e7\u00e3o do &#8220;Simp\u00f3sio Ecumenismo e Miss\u00e3o \u2013 Testemunho Crist\u00e3o em um Mundo Plural&#8221; foi divulgada na sexta-feira, dia 11, pelo Conselho Nacional de Igrejas Crist\u00e3s (Conic). O evento, que acontecer\u00e1 em Vargem Grande Paulista (SP), entre os dias 21 e 24 de agosto, \u00e9 organizado em parceria com a Pontif\u00edcia Universidade Cat\u00f3lica do Paran\u00e1 &hellip;<\/p>\n<p class=\"read-more\"> <a class=\"\" href=\"https:\/\/www.cnbb.org.br\/conic-divulga-programacao-do-simposio-ecumenico\/\"> <span class=\"screen-reader-text\">Conic divulga programa\u00e7\u00e3o do Simp\u00f3sio Ecum\u00eanico<\/span> Leia mais &raquo;<\/a><\/p>\n","protected":false},"author":83,"featured_media":19417,"comment_status":"open","ping_status":"open","sticky":false,"template":"","format":"standard","meta":{"site-sidebar-layout":"default","site-content-layout":"default","ast-global-header-display":"","ast-banner-title-visibility":"","ast-main-header-display":"","ast-hfb-above-header-display":"","ast-hfb-below-header-display":"","ast-hfb-mobile-header-display":"","site-post-title":"","ast-breadcrumbs-content":"","ast-featured-img":"","footer-sml-layout":"","theme-transparent-header-meta":"","adv-header-id-meta":"","stick-header-meta":"","header-above-stick-meta":"","header-main-stick-meta":"","header-below-stick-meta":""},"categories":[915,762],"tags":[],"acf":[],"_links":{"self":[{"href":"https:\/\/www.cnbb.org.br\/cnbb-app\/wp\/v2\/posts\/19416"}],"collection":[{"href":"https:\/\/www.cnbb.org.br\/cnbb-app\/wp\/v2\/posts"}],"about":[{"href":"https:\/\/www.cnbb.org.br\/cnbb-app\/wp\/v2\/types\/post"}],"author":[{"embeddable":true,"href":"https:\/\/www.cnbb.org.br\/cnbb-app\/wp\/v2\/users\/83"}],"replies":[{"embeddable":true,"href":"https:\/\/www.cnbb.org.br\/cnbb-app\/wp\/v2\/comments?post=19416"}],"version-history":[{"count":0,"href":"https:\/\/www.cnbb.org.br\/cnbb-app\/wp\/v2\/posts\/19416\/revisions"}],"wp:featuredmedia":[{"embeddable":true,"href":"https:\/\/www.cnbb.org.br\/cnbb-app\/wp\/v2\/media\/19417"}],"wp:attachment":[{"href":"https:\/\/www.cnbb.org.br\/cnbb-app\/wp\/v2\/media?parent=19416"}],"wp:term":[{"taxonomy":"category","embeddable":true,"href":"https:\/\/www.cnbb.org.br\/cnbb-app\/wp\/v2\/categories?post=19416"},{"taxonomy":"post_tag","embeddable":true,"href":"https:\/\/www.cnbb.org.br\/cnbb-app\/wp\/v2\/tags?post=19416"}],"curies":[{"name":"wp","href":"https:\/\/api.w.org\/{rel}","templated":true}]}}