{"id":19426,"date":"2010-01-13T00:00:00","date_gmt":"2010-01-13T02:00:00","guid":{"rendered":"https:\/\/www.cnbb.org.br\/cpt-parana-em-luto\/"},"modified":"2010-01-13T00:00:00","modified_gmt":"2010-01-13T02:00:00","slug":"cpt-parana-em-luto","status":"publish","type":"post","link":"https:\/\/www.cnbb.org.br\/cpt-parana-em-luto\/","title":{"rendered":"CPT Paran\u00e1 em luto"},"content":{"rendered":"<p style=\"text-align: justify\">A Comiss\u00e3o Pastoral da Terra do Paran\u00e1 vem atrav\u00e9s desta, se colocar em luto, pela morte da Dra Zilda Arns ocorrida no dia 12 de janeiro em miss\u00e3o no Haiti. Dra Zilda que come\u00e7ou seus trabalhos de defesa das crian\u00e7as pobres na cidade de Florestop\u00f3lis em 1983, expandindo a Pastoral da Crian\u00e7a pelo mundo, apresentou em seus trabalhos aquilo que a CPT tem como miss\u00e3o: a defesa dos pobres da terra, para que tenham mais vida e \u201cvida em abund\u00e2ncia\u201d (Jo 10,10). Deste modo n\u00e3o poder\u00edamos nos ausentarmos diante de t\u00e3o triste fato.<\/p>\n<p><!--more--><\/p>\n<p style=\"text-align: justify\">Sua morte equivale \u00e0 morte dos que se entregam em doa\u00e7\u00e3o ao Reino, sua aus\u00eancia ser\u00e1 sentida por todos aqueles e aquelas que acreditam que \u00e9 poss\u00edvel um mundo de justi\u00e7a e fraternidade a partir do clamor do Evangelho. Que seus exemplos de mulher corajosa e forte e seu testemunho fortale\u00e7am a luta pela terra e pelos povos da terra.<\/p>\n<p style=\"text-align: justify\">Coordena\u00e7\u00e3o Estadual CPT PR<\/p>\n","protected":false},"excerpt":{"rendered":"<p>A Comiss\u00e3o Pastoral da Terra do Paran\u00e1 vem atrav\u00e9s desta, se colocar em luto, pela morte da Dra Zilda Arns ocorrida no dia 12 de janeiro em miss\u00e3o no Haiti. Dra Zilda que come\u00e7ou seus trabalhos de defesa das crian\u00e7as pobres na cidade de Florestop\u00f3lis em 1983, expandindo a Pastoral da Crian\u00e7a pelo mundo, apresentou &hellip;<\/p>\n<p class=\"read-more\"> <a class=\"\" href=\"https:\/\/www.cnbb.org.br\/cpt-parana-em-luto\/\"> <span class=\"screen-reader-text\">CPT Paran\u00e1 em luto<\/span> Leia mais &raquo;<\/a><\/p>\n","protected":false},"author":83,"featured_media":0,"comment_status":"open","ping_status":"open","sticky":false,"template":"","format":"standard","meta":{"site-sidebar-layout":"default","site-content-layout":"default","ast-global-header-display":"","ast-banner-title-visibility":"","ast-main-header-display":"","ast-hfb-above-header-display":"","ast-hfb-below-header-display":"","ast-hfb-mobile-header-display":"","site-post-title":"","ast-breadcrumbs-content":"","ast-featured-img":"","footer-sml-layout":"","theme-transparent-header-meta":"","adv-header-id-meta":"","stick-header-meta":"","header-above-stick-meta":"","header-main-stick-meta":"","header-below-stick-meta":""},"categories":[814,762],"tags":[],"acf":[],"_links":{"self":[{"href":"https:\/\/www.cnbb.org.br\/cnbb-app\/wp\/v2\/posts\/19426"}],"collection":[{"href":"https:\/\/www.cnbb.org.br\/cnbb-app\/wp\/v2\/posts"}],"about":[{"href":"https:\/\/www.cnbb.org.br\/cnbb-app\/wp\/v2\/types\/post"}],"author":[{"embeddable":true,"href":"https:\/\/www.cnbb.org.br\/cnbb-app\/wp\/v2\/users\/83"}],"replies":[{"embeddable":true,"href":"https:\/\/www.cnbb.org.br\/cnbb-app\/wp\/v2\/comments?post=19426"}],"version-history":[{"count":0,"href":"https:\/\/www.cnbb.org.br\/cnbb-app\/wp\/v2\/posts\/19426\/revisions"}],"wp:attachment":[{"href":"https:\/\/www.cnbb.org.br\/cnbb-app\/wp\/v2\/media?parent=19426"}],"wp:term":[{"taxonomy":"category","embeddable":true,"href":"https:\/\/www.cnbb.org.br\/cnbb-app\/wp\/v2\/categories?post=19426"},{"taxonomy":"post_tag","embeddable":true,"href":"https:\/\/www.cnbb.org.br\/cnbb-app\/wp\/v2\/tags?post=19426"}],"curies":[{"name":"wp","href":"https:\/\/api.w.org\/{rel}","templated":true}]}}