{"id":19446,"date":"2010-05-02T00:00:00","date_gmt":"2010-05-02T03:00:00","guid":{"rendered":"https:\/\/www.cnbb.org.br\/morre-padre-que-ajudou-a-fundar-cpt-em-minas\/"},"modified":"2010-05-02T00:00:00","modified_gmt":"2010-05-02T03:00:00","slug":"morre-padre-que-ajudou-a-fundar-cpt-em-minas","status":"publish","type":"post","link":"https:\/\/www.cnbb.org.br\/morre-padre-que-ajudou-a-fundar-cpt-em-minas\/","title":{"rendered":"Morre padre que ajudou a fundar CPT em Minas"},"content":{"rendered":"<p style=\"text-align: justify\">Foi sepultado na tarde deste domingo, 2, em Te\u00f3filo Otoni (MG), o corpo do padre Domingos Burzios, falecido na tarde de ontem, v\u00edtima de problemas renais.\u00a0 Padre Domingos foi um dos fundadores e coordenador da Comiss\u00e3o Pastoral da Terra (CPT) no estado de Minas Gerais. Ajudou tamb\u00e9m na cria\u00e7\u00e3o de escolas agr\u00edcolas e do Movimento de Pequenos Agricultores (MPA).<\/p>\n<p><!--more--><\/p>\n<p style=\"text-align: justify\">Padre Domingos era mission\u00e1rio <em>Fidei Donum<\/em>, da arquidiocese de Turim, na It\u00e1lia, e chegou ao Brasil em 1974, convidado pelo bispo de Te\u00f3filo Otoni, dom Quirino Adolph Schmitz.<\/p>\n<p style=\"text-align: justify\">\u201cPadre Domingos desempenhou varias fun\u00e7\u00f5es em Te\u00f3filo Otoni durante 36 anos de incans\u00e1vel dedica\u00e7\u00e3o\u201d, disse o assessor do Mutir\u00e3o contra a Fome da CNBB, padre Nelito Dornelas.\u00a0 \u201cSua dedica\u00e7\u00e3o pastoral priorit\u00e1ria foi \u00e0 causa dos trabalhadores rurais do Vale do Mucuri. Dedicou toda sua vida \u00e0 organiza\u00e7\u00e3o e forma\u00e7\u00e3o das comunidades rurais e de suas lideran\u00e7as bem como no fortalecimento dos movimentos sociais\u201d, completa.<\/p>\n","protected":false},"excerpt":{"rendered":"<p>Foi sepultado na tarde deste domingo, 2, em Te\u00f3filo Otoni (MG), o corpo do padre Domingos Burzios, falecido na tarde de ontem, v\u00edtima de problemas renais.\u00a0 Padre Domingos foi um dos fundadores e coordenador da Comiss\u00e3o Pastoral da Terra (CPT) no estado de Minas Gerais. Ajudou tamb\u00e9m na cria\u00e7\u00e3o de escolas agr\u00edcolas e do Movimento &hellip;<\/p>\n<p class=\"read-more\"> <a class=\"\" href=\"https:\/\/www.cnbb.org.br\/morre-padre-que-ajudou-a-fundar-cpt-em-minas\/\"> <span class=\"screen-reader-text\">Morre padre que ajudou a fundar CPT em Minas<\/span> Leia mais &raquo;<\/a><\/p>\n","protected":false},"author":83,"featured_media":19447,"comment_status":"open","ping_status":"open","sticky":false,"template":"","format":"standard","meta":{"site-sidebar-layout":"default","site-content-layout":"default","ast-global-header-display":"","ast-banner-title-visibility":"","ast-main-header-display":"","ast-hfb-above-header-display":"","ast-hfb-below-header-display":"","ast-hfb-mobile-header-display":"","site-post-title":"","ast-breadcrumbs-content":"","ast-featured-img":"","footer-sml-layout":"","theme-transparent-header-meta":"","adv-header-id-meta":"","stick-header-meta":"","header-above-stick-meta":"","header-main-stick-meta":"","header-below-stick-meta":""},"categories":[814,762],"tags":[],"acf":[],"_links":{"self":[{"href":"https:\/\/www.cnbb.org.br\/cnbb-app\/wp\/v2\/posts\/19446"}],"collection":[{"href":"https:\/\/www.cnbb.org.br\/cnbb-app\/wp\/v2\/posts"}],"about":[{"href":"https:\/\/www.cnbb.org.br\/cnbb-app\/wp\/v2\/types\/post"}],"author":[{"embeddable":true,"href":"https:\/\/www.cnbb.org.br\/cnbb-app\/wp\/v2\/users\/83"}],"replies":[{"embeddable":true,"href":"https:\/\/www.cnbb.org.br\/cnbb-app\/wp\/v2\/comments?post=19446"}],"version-history":[{"count":0,"href":"https:\/\/www.cnbb.org.br\/cnbb-app\/wp\/v2\/posts\/19446\/revisions"}],"wp:featuredmedia":[{"embeddable":true,"href":"https:\/\/www.cnbb.org.br\/cnbb-app\/wp\/v2\/media\/19447"}],"wp:attachment":[{"href":"https:\/\/www.cnbb.org.br\/cnbb-app\/wp\/v2\/media?parent=19446"}],"wp:term":[{"taxonomy":"category","embeddable":true,"href":"https:\/\/www.cnbb.org.br\/cnbb-app\/wp\/v2\/categories?post=19446"},{"taxonomy":"post_tag","embeddable":true,"href":"https:\/\/www.cnbb.org.br\/cnbb-app\/wp\/v2\/tags?post=19446"}],"curies":[{"name":"wp","href":"https:\/\/api.w.org\/{rel}","templated":true}]}}