{"id":19462,"date":"2010-09-23T00:00:00","date_gmt":"2010-09-23T03:00:00","guid":{"rendered":"https:\/\/www.cnbb.org.br\/encontro-em-belem-de-formacao-do-mutirao-pastoral-para-a-erradicacao-do-trabalho-escravo\/"},"modified":"2010-09-23T00:00:00","modified_gmt":"2010-09-23T03:00:00","slug":"encontro-em-belem-de-formacao-do-mutirao-pastoral-para-a-erradicacao-do-trabalho-escravo","status":"publish","type":"post","link":"https:\/\/www.cnbb.org.br\/encontro-em-belem-de-formacao-do-mutirao-pastoral-para-a-erradicacao-do-trabalho-escravo\/","title":{"rendered":"Mutir\u00e3o Pastoral para a Erradica\u00e7\u00e3o do Trabalho Escravo"},"content":{"rendered":"<p style=\"text-align: justify\">Nesta semana, entre os dias 20 a 22, aconteceu em Bel\u00e9m (PA), o Encontro de Forma\u00e7\u00e3o do Mutir\u00e3o Pastoral para Erradica\u00e7\u00e3o do Trabalho Escravo no Brasil. No evento, houve participa\u00e7\u00e3o de representantes das pastorais e demais institui\u00e7\u00f5es da sociedade interessadas no tema e no engajamento da Campanha.<\/p>\n<p><!--more--><\/p>\n<p style=\"text-align: justify\">Durante o encontro, foram apresentados dados que estimam que no Brasil, h\u00e1 um percentual de 25 a 40 mil pessoas que vivem em situa\u00e7\u00e3o de escravid\u00e3o, segundo a Comiss\u00e3o Pastoral da Terra (CPT).<\/p>\n<p style=\"text-align: justify\">Foi debatida ainda a mudan\u00e7a caracter\u00edstica do trabalho escravo, que se diferencia da experi\u00eancia dos s\u00e9culos passados. Atualmente, a escravid\u00e3o \u00e9 vista em ind\u00edcios de jornadas exaustivas, condi\u00e7\u00f5es degradantes de trabalho, trabalhos for\u00e7ados, confisco de documentos e condi\u00e7\u00f5es insalubres de acomoda\u00e7\u00e3o e alimenta\u00e7\u00e3o.<\/p>\n<p style=\"text-align: justify\">O assessor da Pastoral Afrobrasileira, padre Ari Ant\u00f4nio dos Reis, destacou que, para combater o trabalho escravo, \u201c\u00e9 importante o engajamento de diferentes Pastorais da Igreja e de Institui\u00e7\u00f5es da sociedade, com o objetivo dar passos de preven\u00e7\u00e3o, de combate e reinser\u00e7\u00e3o dos trabalhadores escravizados\u201d.<\/p>\n<p style=\"text-align: justify\">Segundo os participantes, o Par\u00e1 \u00e9 tido como um dos estados com caracter\u00edsticas de trabalho escravo mais preocupante, em consequ\u00eancia da extens\u00e3o da agropecu\u00e1ria nos \u00faltimos anos.<\/p>\n","protected":false},"excerpt":{"rendered":"<p>Nesta semana, entre os dias 20 a 22, aconteceu em Bel\u00e9m (PA), o Encontro de Forma\u00e7\u00e3o do Mutir\u00e3o Pastoral para Erradica\u00e7\u00e3o do Trabalho Escravo no Brasil. No evento, houve participa\u00e7\u00e3o de representantes das pastorais e demais institui\u00e7\u00f5es da sociedade interessadas no tema e no engajamento da Campanha.<\/p>\n","protected":false},"author":83,"featured_media":19463,"comment_status":"open","ping_status":"open","sticky":false,"template":"","format":"standard","meta":{"site-sidebar-layout":"default","site-content-layout":"default","ast-global-header-display":"","ast-banner-title-visibility":"","ast-main-header-display":"","ast-hfb-above-header-display":"","ast-hfb-below-header-display":"","ast-hfb-mobile-header-display":"","site-post-title":"","ast-breadcrumbs-content":"","ast-featured-img":"","footer-sml-layout":"","theme-transparent-header-meta":"","adv-header-id-meta":"","stick-header-meta":"","header-above-stick-meta":"","header-main-stick-meta":"","header-below-stick-meta":""},"categories":[814,762],"tags":[],"acf":[],"_links":{"self":[{"href":"https:\/\/www.cnbb.org.br\/cnbb-app\/wp\/v2\/posts\/19462"}],"collection":[{"href":"https:\/\/www.cnbb.org.br\/cnbb-app\/wp\/v2\/posts"}],"about":[{"href":"https:\/\/www.cnbb.org.br\/cnbb-app\/wp\/v2\/types\/post"}],"author":[{"embeddable":true,"href":"https:\/\/www.cnbb.org.br\/cnbb-app\/wp\/v2\/users\/83"}],"replies":[{"embeddable":true,"href":"https:\/\/www.cnbb.org.br\/cnbb-app\/wp\/v2\/comments?post=19462"}],"version-history":[{"count":0,"href":"https:\/\/www.cnbb.org.br\/cnbb-app\/wp\/v2\/posts\/19462\/revisions"}],"wp:featuredmedia":[{"embeddable":true,"href":"https:\/\/www.cnbb.org.br\/cnbb-app\/wp\/v2\/media\/19463"}],"wp:attachment":[{"href":"https:\/\/www.cnbb.org.br\/cnbb-app\/wp\/v2\/media?parent=19462"}],"wp:term":[{"taxonomy":"category","embeddable":true,"href":"https:\/\/www.cnbb.org.br\/cnbb-app\/wp\/v2\/categories?post=19462"},{"taxonomy":"post_tag","embeddable":true,"href":"https:\/\/www.cnbb.org.br\/cnbb-app\/wp\/v2\/tags?post=19462"}],"curies":[{"name":"wp","href":"https:\/\/api.w.org\/{rel}","templated":true}]}}