{"id":19601,"date":"2010-07-08T00:00:00","date_gmt":"2010-07-08T03:00:00","guid":{"rendered":"https:\/\/www.cnbb.org.br\/conferencia-dos-religiosos-do-brasil-diocesano-elege-nova-coordenacao\/"},"modified":"2010-07-08T00:00:00","modified_gmt":"2010-07-08T03:00:00","slug":"conferencia-dos-religiosos-do-brasil-diocesano-elege-nova-coordenacao","status":"publish","type":"post","link":"https:\/\/www.cnbb.org.br\/conferencia-dos-religiosos-do-brasil-diocesano-elege-nova-coordenacao\/","title":{"rendered":"Religiosas se preparam para a assembleia da CRB"},"content":{"rendered":"<p><p style=\"text-align: justify\">O N\u00facleo Diocesano da Confer\u00eancia dos Religiosos do Brasil (CRB), diocese de Umuarama, se reuniu no \u00faltimo domingo, 4, na Creche Anjo da Guarda, em Umuarama (PR), para estudar o tema da 22\u00aa Assembleia Geral Eletiva da CRB, que ser\u00e1 realizada nos pr\u00f3ximos dias 19 a 22, em Bras\u00edlia (DF): \u201cDe Olhos Fixos em Jesus\u201d. O evento contou com a presen\u00e7a da Irm\u00e3 C\u00edria Catarina Mees (CRB de Curitiba), que assessorou o estudo do tema.<\/p>\n<p><!--more--><\/p>\n<p style=\"text-align: justify\">As 20 religiosas, das diversas congrega\u00e7\u00f5es que atuam na diocese, tamb\u00e9m elegeram a nova coordena\u00e7\u00e3o diocesana da CRB, que estava sendo coordenada pela irm\u00e3 Maria Pascuali, cuja congrega\u00e7\u00e3o n\u00e3o atua mais em Umuarama. A equipe de coordena\u00e7\u00e3o eleita foi:<\/p>\n<p style=\"text-align: justify\">Assessora; irm\u00e3 Dirce Gomes da Silva \u2013 Irm\u00e3s de Cristo Pastor<br \/>\nCoordenadora: irm\u00e3 Dirce Louren\u00e7o \u2013 Irm\u00e3s Franciscanas do Sagrado Cora\u00e7\u00e3o de Jesus<br \/>\nVice-coordenadora: irm\u00e3 Ana Brito \u2013 Irm\u00e3s de Cristo Pastor<br \/>\nTesoureira: irm\u00e3 Tereza Reder \u2013 Irm\u00e3s Franciscanas do Sagrado Cora\u00e7\u00e3o de Jesus<br \/>\nVice-Tesoureira: irm\u00e3 Clarice Monteiro dos Anjos \u2013 Irm\u00e3s de Cristo Pastor<br \/>\n1\u00aa Secret\u00e1ria: irm\u00e3 Wanda Walus \u2013 Irm\u00e3s Filhas da Caridade de S\u00e3o Vicente de Paulo<br \/>\n2\u00aa Secret\u00e1ria: irm\u00e3 Ta\u00edse Cristina Ramos \u2013 Fraternidade Cora\u00e7\u00e3o Chagado de Jesus<br \/>\nConselheiras: irm\u00e3 Ana Lernen \u2013 Irm\u00e3s Filhas da Caridade de S\u00e3o Vicente de Paulo e a irm\u00e3 Verani Carolina Tomazete \u2013 Irm\u00e3s do Imaculado Cora\u00e7\u00e3o de Maria<\/p><\/p>\n","protected":false},"excerpt":{"rendered":"<p>O N\u00facleo Diocesano da Confer\u00eancia dos Religiosos do Brasil (CRB), diocese de Umuarama, se reuniu no \u00faltimo domingo, 4, na Creche Anjo da Guarda, em Umuarama (PR), para estudar o tema da 22\u00aa Assembleia Geral Eletiva da CRB, que ser\u00e1 realizada nos pr\u00f3ximos dias 19 a 22, em Bras\u00edlia (DF): \u201cDe Olhos Fixos em Jesus\u201d. &hellip;<\/p>\n<p class=\"read-more\"> <a class=\"\" href=\"https:\/\/www.cnbb.org.br\/conferencia-dos-religiosos-do-brasil-diocesano-elege-nova-coordenacao\/\"> <span class=\"screen-reader-text\">Religiosas se preparam para a assembleia da CRB<\/span> Leia mais &raquo;<\/a><\/p>\n","protected":false},"author":83,"featured_media":19602,"comment_status":"open","ping_status":"open","sticky":false,"template":"","format":"standard","meta":{"site-sidebar-layout":"default","site-content-layout":"default","ast-global-header-display":"","ast-banner-title-visibility":"","ast-main-header-display":"","ast-hfb-above-header-display":"","ast-hfb-below-header-display":"","ast-hfb-mobile-header-display":"","site-post-title":"","ast-breadcrumbs-content":"","ast-featured-img":"","footer-sml-layout":"","theme-transparent-header-meta":"","adv-header-id-meta":"","stick-header-meta":"","header-above-stick-meta":"","header-main-stick-meta":"","header-below-stick-meta":""},"categories":[815,762],"tags":[],"acf":[],"_links":{"self":[{"href":"https:\/\/www.cnbb.org.br\/cnbb-app\/wp\/v2\/posts\/19601"}],"collection":[{"href":"https:\/\/www.cnbb.org.br\/cnbb-app\/wp\/v2\/posts"}],"about":[{"href":"https:\/\/www.cnbb.org.br\/cnbb-app\/wp\/v2\/types\/post"}],"author":[{"embeddable":true,"href":"https:\/\/www.cnbb.org.br\/cnbb-app\/wp\/v2\/users\/83"}],"replies":[{"embeddable":true,"href":"https:\/\/www.cnbb.org.br\/cnbb-app\/wp\/v2\/comments?post=19601"}],"version-history":[{"count":0,"href":"https:\/\/www.cnbb.org.br\/cnbb-app\/wp\/v2\/posts\/19601\/revisions"}],"wp:featuredmedia":[{"embeddable":true,"href":"https:\/\/www.cnbb.org.br\/cnbb-app\/wp\/v2\/media\/19602"}],"wp:attachment":[{"href":"https:\/\/www.cnbb.org.br\/cnbb-app\/wp\/v2\/media?parent=19601"}],"wp:term":[{"taxonomy":"category","embeddable":true,"href":"https:\/\/www.cnbb.org.br\/cnbb-app\/wp\/v2\/categories?post=19601"},{"taxonomy":"post_tag","embeddable":true,"href":"https:\/\/www.cnbb.org.br\/cnbb-app\/wp\/v2\/tags?post=19601"}],"curies":[{"name":"wp","href":"https:\/\/api.w.org\/{rel}","templated":true}]}}