{"id":19607,"date":"2010-07-21T00:00:00","date_gmt":"2010-07-21T03:00:00","guid":{"rendered":"https:\/\/www.cnbb.org.br\/irma-marian-e-reeleita-presidente-da-crb\/"},"modified":"2010-07-21T00:00:00","modified_gmt":"2010-07-21T03:00:00","slug":"irma-marian-e-reeleita-presidente-da-crb","status":"publish","type":"post","link":"https:\/\/www.cnbb.org.br\/irma-marian-e-reeleita-presidente-da-crb\/","title":{"rendered":"Irm\u00e3 M\u00e1rian \u00e9 reeleita presidente da CRB"},"content":{"rendered":"<p><p style=\"text-align: justify\">Com 91,8% dos votos, a irm\u00e3 M\u00e1rian Ambr\u00f3sio foi reeleita diretora presidente da Confer\u00eancia dos Religiosos do Brasil (CRB). A elei\u00e7\u00e3o ocorreu na tarde desta ter\u00e7a-feira, 20, durante a 22\u00aa Assemblei Geral da Confer\u00eancia. Irm\u00e3 M\u00e1rian obteve 349 votos dos 380 votantes.<\/p>\n<p><!--more--><\/p>\n<p style=\"text-align: justify\">Irm\u00e3 M\u00e1rian, 63, pertence \u00e0 Congrega\u00e7\u00e3o das Irm\u00e3s da Divina Provid\u00eancia e est\u00e1 na presid\u00eancia da CRB desde 2007. Com a reelei\u00e7\u00e3o, ela fica \u00e0 frente da institui\u00e7\u00e3o mais tr\u00eas anos.<\/p>\n<p>Em entrevista \u00e0 assessoria de comunica\u00e7\u00e3o da CRB, a presidente reeleita falou de suas expectativas para o novo mandato. \u201cEu tenho prazer de trabalhar em grupo e dinamizar o sonho de uma assembl\u00e9ia vai ser o meu pr\u00f3prio sonho\u201d, disse.<\/p>\n<p>Segundo irm\u00e3 M\u00e1rian, \u00e9 preciso \u201cfortalecer a qualidade das nossas rela\u00e7\u00f5es diante de um mundo n\u00e3o relacionado e reacender vivamente na vida religiosa a paix\u00e3o pelo Reino\u201d. Ela aponta tr\u00eas eixos como tend\u00eancias do pr\u00f3ximo tri\u00eanio de sua gest\u00e3o, que aparecem durante a assembleia.<\/p>\n<p>\u201cO primeiro \u00e9 estabelecer um horizonte iluminador e algumas prioridades. O segundo momento \u00e9 o processo eletivo, que foi um momento muito orante, muito significativo. E o terceiro eixo \u00e9 o institucional, diante da diminui\u00e7\u00e3o do n\u00famero de religiosas e religiosos, diante do empobrecimento significativo de nossas institui\u00e7\u00f5es\u201d, esclarece.<\/p>\n<p>A assembleia da CRB come\u00e7ou na segunda-feira, 19, e prossegue at\u00e9 quinta-feira, 22. Outros dez membros da diretoria<\/p>\n<p><a href=\"http:\/\/www.capuchinhosrs.org.br\/_intranet\/player\/player1.php?url=userfiles\/redacao_textos\/1279655464109897424.mp3&amp;titulo=Irm%C3%A3%20Marian%20Ambr%C3%B3sio%20%C3%A9%20reeleita%20Presidente%20da%20CRB%20Nacional\" target=\"_blank\" rel=\"noopener\">Ou\u00e7a aqui entrevista com a irm\u00e3 M\u00e1rian<\/a><\/p>\n<p><span style=\"font-size: 10pt\"><strong><em>CNBB com CRB<\/em><\/strong><\/span><\/p><\/p>\n","protected":false},"excerpt":{"rendered":"<p>Com 91,8% dos votos, a irm\u00e3 M\u00e1rian Ambr\u00f3sio foi reeleita diretora presidente da Confer\u00eancia dos Religiosos do Brasil (CRB). A elei\u00e7\u00e3o ocorreu na tarde desta ter\u00e7a-feira, 20, durante a 22\u00aa Assemblei Geral da Confer\u00eancia. Irm\u00e3 M\u00e1rian obteve 349 votos dos 380 votantes.<\/p>\n","protected":false},"author":83,"featured_media":19608,"comment_status":"open","ping_status":"open","sticky":false,"template":"","format":"standard","meta":{"site-sidebar-layout":"default","site-content-layout":"default","ast-global-header-display":"","ast-banner-title-visibility":"","ast-main-header-display":"","ast-hfb-above-header-display":"","ast-hfb-below-header-display":"","ast-hfb-mobile-header-display":"","site-post-title":"","ast-breadcrumbs-content":"","ast-featured-img":"","footer-sml-layout":"","theme-transparent-header-meta":"","adv-header-id-meta":"","stick-header-meta":"","header-above-stick-meta":"","header-main-stick-meta":"","header-below-stick-meta":""},"categories":[815,762],"tags":[],"acf":[],"_links":{"self":[{"href":"https:\/\/www.cnbb.org.br\/cnbb-app\/wp\/v2\/posts\/19607"}],"collection":[{"href":"https:\/\/www.cnbb.org.br\/cnbb-app\/wp\/v2\/posts"}],"about":[{"href":"https:\/\/www.cnbb.org.br\/cnbb-app\/wp\/v2\/types\/post"}],"author":[{"embeddable":true,"href":"https:\/\/www.cnbb.org.br\/cnbb-app\/wp\/v2\/users\/83"}],"replies":[{"embeddable":true,"href":"https:\/\/www.cnbb.org.br\/cnbb-app\/wp\/v2\/comments?post=19607"}],"version-history":[{"count":0,"href":"https:\/\/www.cnbb.org.br\/cnbb-app\/wp\/v2\/posts\/19607\/revisions"}],"wp:featuredmedia":[{"embeddable":true,"href":"https:\/\/www.cnbb.org.br\/cnbb-app\/wp\/v2\/media\/19608"}],"wp:attachment":[{"href":"https:\/\/www.cnbb.org.br\/cnbb-app\/wp\/v2\/media?parent=19607"}],"wp:term":[{"taxonomy":"category","embeddable":true,"href":"https:\/\/www.cnbb.org.br\/cnbb-app\/wp\/v2\/categories?post=19607"},{"taxonomy":"post_tag","embeddable":true,"href":"https:\/\/www.cnbb.org.br\/cnbb-app\/wp\/v2\/tags?post=19607"}],"curies":[{"name":"wp","href":"https:\/\/api.w.org\/{rel}","templated":true}]}}