{"id":19609,"date":"2010-07-21T00:00:00","date_gmt":"2010-07-21T03:00:00","guid":{"rendered":"https:\/\/www.cnbb.org.br\/secretario-geral-da-cnbb-preside-missa-na-assembleia-da-crb\/"},"modified":"2010-07-21T00:00:00","modified_gmt":"2010-07-21T03:00:00","slug":"secretario-geral-da-cnbb-preside-missa-na-assembleia-da-crb","status":"publish","type":"post","link":"https:\/\/www.cnbb.org.br\/secretario-geral-da-cnbb-preside-missa-na-assembleia-da-crb\/","title":{"rendered":"Secret\u00e1rio geral da CNBB preside missa na assembleia da CRB"},"content":{"rendered":"<p><p style=\"text-align: justify\">O secret\u00e1rio geral da CNBB, dom Dimas Lara Barbosa, presidiu, nesta quarta-feira, 21, a missa da 22\u00aa Assembleia Geral Eletiva (AGE) da Confer\u00eancia dos Religiosos do Brasil (CRB), na par\u00f3quia Santo Ant\u00f4nio, que fica na Asa Sul, em Bras\u00edlia. O secret\u00e1rio saudou os 512 religiosos e religiosas que participam do encontro desde segunda-feira, 19.<\/p>\n<p><!--more--><\/p>\n<p style=\"text-align: justify\">\u201c\u00c9 bom ver estampados no rosto de voc\u00eas os dons e os carismas da Igreja\u201d, disse dom Dimas.<\/p>\n<p style=\"text-align: justify\">Ao comentar a leitura proclamada na celebra\u00e7\u00e3o, o secret\u00e1rio da CNBB destacou a voca\u00e7\u00e3o dos religiosos e religiosas. \u201cNossa voca\u00e7\u00e3o n\u00e3o \u00e9 uma ilus\u00e3o. Somos destinat\u00e1rios do amor de um Pai que, desde toda eternidade, j\u00e1 pensou em n\u00f3s\u201d, afirmou. \u201cEsta certeza \u00e9 que nos impele a continuar com o olhar fixo em Jesus\u201d, completou citando o lema da assembleia.<\/p>\n<p style=\"text-align: justify\">Ao falar do evangelho, que narrou a par\u00e1bola do semeador, dom Dimas fez tr\u00eas questionamentos. \u201cQue tipo de terreno sou eu? Que tipo de semente estou semeando? Que tipo de semeador sou eu?\u201d, indagou.<\/p>\n<p style=\"text-align: justify\">O secret\u00e1rio lembrou a necessidade do an\u00fancio do evangelho libertador. \u201c\u00c0s vezes colocamos tantos penduricalhos no an\u00fancio da palavra [de Deus] que o que aparece \u00e9 uma caricatura do evangelho\u201d, acentuou.<img decoding=\"async\" loading=\"lazy\" class=\" alignright size-full wp-image-5568\" style=\"float: right\" src=\"https:\/\/www.cnbb.org.br\/wp-content\/uploads\/2020\/03\/assembcrbmissacel2.jpg\" alt=\"assembcrbmissacel2\" width=\"555\" height=\"369\" \/><\/p>\n<p style=\"text-align: justify\">A assembleia da CRB prossegue hoje com trabalhos em grupo para a escolha de prioridades para o tri\u00eanio 2010-2013. Pela manh\u00e3, foram anunciados os nomes dos dez membros eleitos para compor a diretoria nacional da entidade. At\u00e9 o final da tarde, dever\u00e3o ser eleitos tamb\u00e9m os membros dos Conselhos Superior (7 pessoas) e Fiscal (5 pessoas).<\/p><\/p>\n","protected":false},"excerpt":{"rendered":"<p>O secret\u00e1rio geral da CNBB, dom Dimas Lara Barbosa, presidiu, nesta quarta-feira, 21, a missa da 22\u00aa Assembleia Geral Eletiva (AGE) da Confer\u00eancia dos Religiosos do Brasil (CRB), na par\u00f3quia Santo Ant\u00f4nio, que fica na Asa Sul, em Bras\u00edlia. O secret\u00e1rio saudou os 512 religiosos e religiosas que participam do encontro desde segunda-feira, 19.<\/p>\n","protected":false},"author":83,"featured_media":19610,"comment_status":"open","ping_status":"open","sticky":false,"template":"","format":"standard","meta":{"site-sidebar-layout":"default","site-content-layout":"default","ast-global-header-display":"","ast-banner-title-visibility":"","ast-main-header-display":"","ast-hfb-above-header-display":"","ast-hfb-below-header-display":"","ast-hfb-mobile-header-display":"","site-post-title":"","ast-breadcrumbs-content":"","ast-featured-img":"","footer-sml-layout":"","theme-transparent-header-meta":"","adv-header-id-meta":"","stick-header-meta":"","header-above-stick-meta":"","header-main-stick-meta":"","header-below-stick-meta":""},"categories":[815,762],"tags":[],"acf":[],"_links":{"self":[{"href":"https:\/\/www.cnbb.org.br\/cnbb-app\/wp\/v2\/posts\/19609"}],"collection":[{"href":"https:\/\/www.cnbb.org.br\/cnbb-app\/wp\/v2\/posts"}],"about":[{"href":"https:\/\/www.cnbb.org.br\/cnbb-app\/wp\/v2\/types\/post"}],"author":[{"embeddable":true,"href":"https:\/\/www.cnbb.org.br\/cnbb-app\/wp\/v2\/users\/83"}],"replies":[{"embeddable":true,"href":"https:\/\/www.cnbb.org.br\/cnbb-app\/wp\/v2\/comments?post=19609"}],"version-history":[{"count":0,"href":"https:\/\/www.cnbb.org.br\/cnbb-app\/wp\/v2\/posts\/19609\/revisions"}],"wp:featuredmedia":[{"embeddable":true,"href":"https:\/\/www.cnbb.org.br\/cnbb-app\/wp\/v2\/media\/19610"}],"wp:attachment":[{"href":"https:\/\/www.cnbb.org.br\/cnbb-app\/wp\/v2\/media?parent=19609"}],"wp:term":[{"taxonomy":"category","embeddable":true,"href":"https:\/\/www.cnbb.org.br\/cnbb-app\/wp\/v2\/categories?post=19609"},{"taxonomy":"post_tag","embeddable":true,"href":"https:\/\/www.cnbb.org.br\/cnbb-app\/wp\/v2\/tags?post=19609"}],"curies":[{"name":"wp","href":"https:\/\/api.w.org\/{rel}","templated":true}]}}