{"id":19615,"date":"2011-02-15T00:00:00","date_gmt":"2011-02-15T02:00:00","guid":{"rendered":"https:\/\/www.cnbb.org.br\/irma-tadeia-rossetto-se-despede-dos-bispos-e-funcionarios-da-cnbb\/"},"modified":"2011-02-15T00:00:00","modified_gmt":"2011-02-15T02:00:00","slug":"irma-tadeia-rossetto-se-despede-dos-bispos-e-funcionarios-da-cnbb","status":"publish","type":"post","link":"https:\/\/www.cnbb.org.br\/irma-tadeia-rossetto-se-despede-dos-bispos-e-funcionarios-da-cnbb\/","title":{"rendered":"Irm\u00e3 Tad\u00e9a se despede da CNBB, que acolhe Irm\u00e3 Jovita"},"content":{"rendered":"<p><p style=\"text-align: justify\">Ap\u00f3s tr\u00eas anos de servi\u00e7os prestados \u00e0 Confer\u00eancia Nacional dos Bispos do Brasil (CNBB), a Irm\u00e3 Tad\u00e9a Rossetto da Congrega\u00e7\u00e3o Filhas do Amor Divino, deixa a fun\u00e7\u00e3o de coordenadora de servi\u00e7os internos da sede do episcopado brasileiro para assumir novas fun\u00e7\u00f5es em sua Congrega\u00e7\u00e3o, em Santa Maria (RS).<\/p>\n<p><!--more--><\/p>\n<p style=\"text-align: justify\">Na manh\u00e3 de hoje, 15, a irm\u00e3 Tad\u00e9a esteve presente na reuni\u00e3o do Conselho Episcopal de Pastoral (Consep), da CNBB, e agradeceu pela oportunidade de ter trabalhado na Confer\u00eancia dos Bispos. Participam do Consep os dez bispos presidentes das Comiss\u00f5es Episcopais Pastorais, al\u00e9m da Presid\u00eancia da CNBB.<\/p>\n<p style=\"text-align: justify\"><img decoding=\"async\" loading=\"lazy\" class=\" alignright size-full wp-image-8436\" style=\"float: right\" title=\"Ir. Tad\u00e9a\" src=\"https:\/\/www.cnbb.org.br\/wp-content\/uploads\/2020\/03\/irtadeia_cnbb.jpg\" alt=\"irtadeia_cnbb\" width=\"120\" height=\"164\" \/>\u201cFiquei muito satisfeita em ter servido \u00e0 Igreja e aos bispos durante essa minha jornada aqui na CNBB. Agora estou voltando \u00e0 minha terra para trabalhar junto ao bispo de Santa Maria, dom H\u00e9lio Adelar Rubert\u201d, disse irm\u00e3 Tad\u00e9a, que trabalhou no col\u00e9gio Pio Brasileiro, em Roma, durante 25 anos e como volunt\u00e1ria nos hospitais de Porto Alegre (RS) por 13 anos.<\/p>\n<p style=\"text-align: justify\">Irm\u00e3 Tad\u00e9a ser\u00e1 sucedida pela irm\u00e3 de Congrega\u00e7\u00e3o, Jovita Ostrowski, 76 anos.<\/p>\n<p style=\"text-align: justify\">Nascida em Guarani das Miss\u00f5es (RS), irm\u00e3 Jovita \u00e9 de origem polonesa. Seus av\u00f3s sa\u00edram de Crac\u00f3via \u2013 Pol\u00f4nia &#8211; fugindo da Primeira Guerra Mundial e se estabeleceram em La Plata \u2013 Argentina, <img decoding=\"async\" loading=\"lazy\" class=\" alignleft size-full wp-image-8437\" style=\"float: left\" title=\"Ir. Jovita\" src=\"https:\/\/www.cnbb.org.br\/wp-content\/uploads\/2020\/03\/irjovita_cnbb.jpg\" alt=\"irjovita_cnbb\" width=\"120\" height=\"144\" \/>em 1902. Em seguida, se estabeleceram na Col\u00f4nia de Guarani das Miss\u00f5es, reduto de poloneses no estado do Rio Grande do Sul.<\/p>\n<p style=\"text-align: justify\">Como religiosa, atuou em Roma, em especial no Col\u00e9gio Pio Brasileiro, onde ficou durante muitos anos. Na volta ao Brasil, por 19 anos, trabalhou com padres e seminaristas das dioceses de Campo Mour\u00e3o (PR) e Santo \u00c2ngelo (RS).<\/p>\n<p style=\"text-align: justify\">\u201cEstou contente em trabalhar na CNBB. Foi uma surpresa para mim receber este convite, mas estou neste mundo para servir e para louvar. Ser\u00e1 mais um desafio em minha vida, e com f\u00e9, servirei a Deus, nesta nova etapa, com muita dedica\u00e7\u00e3o\u201d, ressaltou irm\u00e3 Jovita.<\/p>\n<h4 style=\"text-align: justify\">O que \u00e9 o Consep?<\/h4>\n<p style=\"text-align: justify\">O Conselho Episcopal Pastoral (Consep) \u00e9 o \u00f3rg\u00e3o executivo das decis\u00f5es pastorais da Assembleia Geral do Conselho Permanente e, como tal, promove e coordena a Pastoral Org\u00e2nica, em \u00e2mbito nacional.<\/p>\n<p style=\"text-align: justify\">O Consep tem como atribui\u00e7\u00f5es coordenar as atividades das Comiss\u00f5es Episcopais Pastorais e de outras comiss\u00f5es, grupos de trabalho e setores de atividade ligados \u00e0 a\u00e7\u00e3o pastoral da CNBB.<\/p>\n<p style=\"text-align: justify\"><span style=\"font-size: 8pt\"><strong><em>\u00daltima atualiza\u00e7\u00e3o: 15.01.11 \u00e0s 16h30<\/em><\/strong><\/span><\/p><\/p>\n","protected":false},"excerpt":{"rendered":"<p>Ap\u00f3s tr\u00eas anos de servi\u00e7os prestados \u00e0 Confer\u00eancia Nacional dos Bispos do Brasil (CNBB), a Irm\u00e3 Tad\u00e9a Rossetto da Congrega\u00e7\u00e3o Filhas do Amor Divino, deixa a fun\u00e7\u00e3o de coordenadora de servi\u00e7os internos da sede do episcopado brasileiro para assumir novas fun\u00e7\u00f5es em sua Congrega\u00e7\u00e3o, em Santa Maria (RS).<\/p>\n","protected":false},"author":83,"featured_media":19616,"comment_status":"open","ping_status":"open","sticky":false,"template":"","format":"standard","meta":{"site-sidebar-layout":"default","site-content-layout":"default","ast-global-header-display":"","ast-banner-title-visibility":"","ast-main-header-display":"","ast-hfb-above-header-display":"","ast-hfb-below-header-display":"","ast-hfb-mobile-header-display":"","site-post-title":"","ast-breadcrumbs-content":"","ast-featured-img":"","footer-sml-layout":"","theme-transparent-header-meta":"","adv-header-id-meta":"","stick-header-meta":"","header-above-stick-meta":"","header-main-stick-meta":"","header-below-stick-meta":""},"categories":[815,762],"tags":[],"acf":[],"_links":{"self":[{"href":"https:\/\/www.cnbb.org.br\/cnbb-app\/wp\/v2\/posts\/19615"}],"collection":[{"href":"https:\/\/www.cnbb.org.br\/cnbb-app\/wp\/v2\/posts"}],"about":[{"href":"https:\/\/www.cnbb.org.br\/cnbb-app\/wp\/v2\/types\/post"}],"author":[{"embeddable":true,"href":"https:\/\/www.cnbb.org.br\/cnbb-app\/wp\/v2\/users\/83"}],"replies":[{"embeddable":true,"href":"https:\/\/www.cnbb.org.br\/cnbb-app\/wp\/v2\/comments?post=19615"}],"version-history":[{"count":0,"href":"https:\/\/www.cnbb.org.br\/cnbb-app\/wp\/v2\/posts\/19615\/revisions"}],"wp:featuredmedia":[{"embeddable":true,"href":"https:\/\/www.cnbb.org.br\/cnbb-app\/wp\/v2\/media\/19616"}],"wp:attachment":[{"href":"https:\/\/www.cnbb.org.br\/cnbb-app\/wp\/v2\/media?parent=19615"}],"wp:term":[{"taxonomy":"category","embeddable":true,"href":"https:\/\/www.cnbb.org.br\/cnbb-app\/wp\/v2\/categories?post=19615"},{"taxonomy":"post_tag","embeddable":true,"href":"https:\/\/www.cnbb.org.br\/cnbb-app\/wp\/v2\/tags?post=19615"}],"curies":[{"name":"wp","href":"https:\/\/api.w.org\/{rel}","templated":true}]}}