{"id":19622,"date":"2011-05-31T00:00:00","date_gmt":"2011-05-31T03:00:00","guid":{"rendered":"https:\/\/www.cnbb.org.br\/seminario-da-crb-sobre-seguimento-e-missao-destaca-a-caminhada-da-vida-religiosa\/"},"modified":"2011-05-31T00:00:00","modified_gmt":"2011-05-31T03:00:00","slug":"seminario-da-crb-sobre-seguimento-e-missao-destaca-a-caminhada-da-vida-religiosa","status":"publish","type":"post","link":"https:\/\/www.cnbb.org.br\/seminario-da-crb-sobre-seguimento-e-missao-destaca-a-caminhada-da-vida-religiosa\/","title":{"rendered":"Semin\u00e1rio da CRB sobre \u201cSeguimento e Miss\u00e3o\u201d destaca a caminhada da vida religiosa"},"content":{"rendered":"<p><p style=\"text-align: justify\">\u201cSeguimento e Miss\u00e3o: de olhos fixos em Jesus a luz da inser\u00e7\u00e3o\u201d, este foi o tema do 2\u00ba Semin\u00e1rio da Vida Religiosa, promovido pela Confer\u00eancia dos Religiosos do Brasil (CRB), Regional Minas Gerais, no dia 28, em Belo Horizonte.<\/p>\n<p><!--more--><\/p>\n<p style=\"text-align: justify\">Segundo a assessora executiva da Regional, irm\u00e3 Eudinea Costa de Oliveira, da Congrega\u00e7\u00e3o das Irm\u00e3s Nossa Senhora Menina, o objetivo do semin\u00e1rio foi refletir, partilhar e celebrar a caminhada da Vida Religiosa.<\/p>\n<p style=\"text-align: justify\">Conhecido como semin\u00e1rio dos INTERES, teve a presen\u00e7a de formandos de todas as etapas de forma\u00e7\u00e3o de diversas congrega\u00e7\u00f5es, formadores e a equipe organizadora. Neste 2\u00ba Semin\u00e1rio contou com a participa\u00e7\u00e3o de mais de 200 formandos.<\/p>\n<p style=\"text-align: justify\"><img decoding=\"async\" loading=\"lazy\" class=\" alignleft size-full wp-image-10044\" style=\"float: left\" src=\"https:\/\/www.cnbb.org.br\/wp-content\/uploads\/2020\/03\/missocontinentalaltevir.jpg\" alt=\"missocontinentalaltevir\" width=\"300\" height=\"169\" \/>\u201cCom uma programa\u00e7\u00e3o bastante intensa, realizou-se pela manh\u00e3 a abertura, ora\u00e7\u00e3o inicial, que teve por sinal, um espa\u00e7o privilegiado, de modo que possibilitou aos participantes um verdadeiro mergulho na m\u00edstica mission\u00e1ria, levando em conta os diversos rostos sofridos que se encontram nos por\u00f5es da humanidade. E \u00e9 para l\u00e1 que o Evangelho de Jesus Cristo, t\u00e3o valorizado durante a celebra\u00e7\u00e3o, nos aponta, nos remete, quando nos colocamos na situa\u00e7\u00e3o de seguidores de Jesus e abra\u00e7amos a miss\u00e3o que ele mesmo nos confiou\u201d, destacou o assessor da Comiss\u00e3o Episcopal Pastoral para A\u00e7\u00e3o Mission\u00e1ria e Coopera\u00e7\u00e3o Intereclesial da Confer\u00eancia Nacional dos Bispos do Brasil, padre Jos\u00e9 Altevir.<\/p>\n<p style=\"text-align: justify\">Foi feita ainda uma an\u00e1lise do primeiro semin\u00e1rio ocorrido em 2009. Segundo o padre Altevir, a paix\u00e3o de Jesus pelo Reino que nos leva \u00e0 paix\u00e3o pela humanidade. \u201cManter os \u2018olhos fixos\u2019 n&#8217;Ele \u00e9 percorrer o mesmo caminho, com os mesmos sentimentos de Jesus, no compromisso e solidariedade com as pessoas mais sofridas e necessitadas, em suas lutas pela vida, numa entrega amorosa at\u00e9 poder dizer: \u2018Ningu\u00e9m me tira a vida, Eu a dou livremente\u2019 (Jo 10, 18)\u201d, disse.<\/p>\n<p style=\"text-align: justify\">De acordo com o assessor da CNBB, a Igreja necessita de um forte impulso que a impe\u00e7a de se instalar na comodidade, no estancamento, na indiferen\u00e7a, \u00e0 margem do sofrimento dos pobres do Continente (DAp 362).<\/p>\n<p style=\"text-align: justify\">Ao concluir, padre Altevir lembrou que a Igreja cresce, n\u00e3o por proselitismo, mas \u201cpor atra\u00e7\u00e3o\u201d. \u201cComo Cristo \u2018atrai tudo para si\u2019 com a for\u00e7a do seu amor\u2019 A Igreja \u2018atrai\u2019 quando vive em comunh\u00e3o, pois os disc\u00edpulos de Jesus ser\u00e3o reconhecidos se amarem uns aos outros como Ele nos amou\u201d (DAp159), lembro.<\/p>\n<p style=\"text-align: justify\">Os participantes foram divididos em cinco oficinas: Vida Religiosa e Ecologia, Vida Religiosa e Juventude, Vida Religiosa e Profetismo, Vida Religiosa, comunidade e comunica\u00e7\u00e3o e Vida Religiosa e corporeidade. A primeira foi assessorada por um casal de leigos Ana Maria e Jos\u00e9 Luiz, as demais por religiosas e religiosos.<\/p><\/p>\n","protected":false},"excerpt":{"rendered":"<p>\u201cSeguimento e Miss\u00e3o: de olhos fixos em Jesus a luz da inser\u00e7\u00e3o\u201d, este foi o tema do 2\u00ba Semin\u00e1rio da Vida Religiosa, promovido pela Confer\u00eancia dos Religiosos do Brasil (CRB), Regional Minas Gerais, no dia 28, em Belo Horizonte.<\/p>\n","protected":false},"author":83,"featured_media":19623,"comment_status":"open","ping_status":"open","sticky":false,"template":"","format":"standard","meta":{"site-sidebar-layout":"default","site-content-layout":"default","ast-global-header-display":"","ast-banner-title-visibility":"","ast-main-header-display":"","ast-hfb-above-header-display":"","ast-hfb-below-header-display":"","ast-hfb-mobile-header-display":"","site-post-title":"","ast-breadcrumbs-content":"","ast-featured-img":"","footer-sml-layout":"","theme-transparent-header-meta":"","adv-header-id-meta":"","stick-header-meta":"","header-above-stick-meta":"","header-main-stick-meta":"","header-below-stick-meta":""},"categories":[815,762],"tags":[],"acf":[],"_links":{"self":[{"href":"https:\/\/www.cnbb.org.br\/cnbb-app\/wp\/v2\/posts\/19622"}],"collection":[{"href":"https:\/\/www.cnbb.org.br\/cnbb-app\/wp\/v2\/posts"}],"about":[{"href":"https:\/\/www.cnbb.org.br\/cnbb-app\/wp\/v2\/types\/post"}],"author":[{"embeddable":true,"href":"https:\/\/www.cnbb.org.br\/cnbb-app\/wp\/v2\/users\/83"}],"replies":[{"embeddable":true,"href":"https:\/\/www.cnbb.org.br\/cnbb-app\/wp\/v2\/comments?post=19622"}],"version-history":[{"count":0,"href":"https:\/\/www.cnbb.org.br\/cnbb-app\/wp\/v2\/posts\/19622\/revisions"}],"wp:featuredmedia":[{"embeddable":true,"href":"https:\/\/www.cnbb.org.br\/cnbb-app\/wp\/v2\/media\/19623"}],"wp:attachment":[{"href":"https:\/\/www.cnbb.org.br\/cnbb-app\/wp\/v2\/media?parent=19622"}],"wp:term":[{"taxonomy":"category","embeddable":true,"href":"https:\/\/www.cnbb.org.br\/cnbb-app\/wp\/v2\/categories?post=19622"},{"taxonomy":"post_tag","embeddable":true,"href":"https:\/\/www.cnbb.org.br\/cnbb-app\/wp\/v2\/tags?post=19622"}],"curies":[{"name":"wp","href":"https:\/\/api.w.org\/{rel}","templated":true}]}}