{"id":19626,"date":"2011-08-19T00:00:00","date_gmt":"2011-08-19T03:00:00","guid":{"rendered":"https:\/\/www.cnbb.org.br\/lancamento-marca-o-inicio-das-celebracoes-dos-100-anos-de-fundacao-da-familia-paulina\/"},"modified":"2011-08-19T00:00:00","modified_gmt":"2011-08-19T03:00:00","slug":"lancamento-marca-o-inicio-das-celebracoes-dos-100-anos-de-fundacao-da-familia-paulina","status":"publish","type":"post","link":"https:\/\/www.cnbb.org.br\/lancamento-marca-o-inicio-das-celebracoes-dos-100-anos-de-fundacao-da-familia-paulina\/","title":{"rendered":"Lan\u00e7amento marca o in\u00edcio das celebra\u00e7\u00f5es dos 100 anos de funda\u00e7\u00e3o da Fam\u00edlia Paulina"},"content":{"rendered":"<p><p style=\"text-align: justify\">No dia 20, a Paulus completa 80 anos de atua\u00e7\u00e3o no Brasil. Para marcar essa data especial, a editora lan\u00e7a o \u201cLivro de Ora\u00e7\u00f5es\u201d, obra que contempla ora\u00e7\u00f5es \u00e0 maneira como a Fam\u00edlia Paulina rezava no tempo do seu fundador, o bem-aventurado Tiago Alberione, e reza at\u00e9 hoje.<\/p>\n<p><!--more--><\/p>\n<p style=\"text-align: justify\">O texto \u00e9 uma tradu\u00e7\u00e3o do livro \u201cLe Preghiere della Famiglia Paolina\u201d, de 1971, considerado o \u00faltimo livro de ora\u00e7\u00e3o da \u00e9poca fundacional, com umas poucas altera\u00e7\u00f5es em vista de um uso mais pr\u00e1tico. Nele o fiel encontrar\u00e1 preces cotidianas, semanais e mensais, aquelas que fazem parte da tradi\u00e7\u00e3o orante da Fam\u00edlia Paulina (como \u201cVia Humanitatis\u201d e \u201cAo Mestre Divino\u201d), novenas, entre outras.<\/p>\n<p style=\"text-align: justify\">Trata-se de uma leitura de alto valor espiritual, oferecida a todos que desejam rezar \u00e0 luz da espiritualidade paulina. \u201cA publica\u00e7\u00e3o deste livro teve dois objetivos principais: valorizar e manter viva dentro da grande Fam\u00edlia Paulina a heran\u00e7a espiritual do nosso fundador e colocar \u00e0 disposi\u00e7\u00e3o do povo de Deus um subs\u00eddio valioso de ora\u00e7\u00f5es\u201d, afirma o padre Zolferino Tonon, diretor multimedial da Paulus e membro da Congrega\u00e7\u00e3o dos Padres e Irm\u00e3os Paulinos h\u00e1 50 anos.<\/p>\n<p style=\"text-align: justify\">Embora nem todas as preces dispon\u00edveis no livro sejam de autoria de padre Tiago Alberione, elas foram mantidas por fazer parte da devo\u00e7\u00e3o eclesial da \u00e9poca e inclu\u00eddas no livro pelo pr\u00f3prio sacerdote. Al\u00e9m disso, foram acrescentadas as ora\u00e7\u00f5es para pedir a intercess\u00e3o dos modelos de santidade da Fam\u00edlia Paulina e as f\u00f3rmulas de profiss\u00e3o religiosa das v\u00e1rias congrega\u00e7\u00f5es e institutos que a constituem.<\/p>\n<p style=\"text-align: justify\">No dia 20 de agosto, acontecer\u00e1 uma missa no Santu\u00e1rio Nacional de Nossa Senhora Aparecida, em Aparecida (SP), com a presen\u00e7a de 250 membros da Fam\u00edlia Paulina, que marca a abertura oficial das atividades em prepara\u00e7\u00e3o \u00e0 celebra\u00e7\u00e3o do centen\u00e1rio de funda\u00e7\u00e3o da Fam\u00edlia Paulina.<\/p><\/p>\n","protected":false},"excerpt":{"rendered":"<p>No dia 20, a Paulus completa 80 anos de atua\u00e7\u00e3o no Brasil. Para marcar essa data especial, a editora lan\u00e7a o \u201cLivro de Ora\u00e7\u00f5es\u201d, obra que contempla ora\u00e7\u00f5es \u00e0 maneira como a Fam\u00edlia Paulina rezava no tempo do seu fundador, o bem-aventurado Tiago Alberione, e reza at\u00e9 hoje.<\/p>\n","protected":false},"author":83,"featured_media":19627,"comment_status":"open","ping_status":"open","sticky":false,"template":"","format":"standard","meta":{"site-sidebar-layout":"default","site-content-layout":"default","ast-global-header-display":"","ast-banner-title-visibility":"","ast-main-header-display":"","ast-hfb-above-header-display":"","ast-hfb-below-header-display":"","ast-hfb-mobile-header-display":"","site-post-title":"","ast-breadcrumbs-content":"","ast-featured-img":"","footer-sml-layout":"","theme-transparent-header-meta":"","adv-header-id-meta":"","stick-header-meta":"","header-above-stick-meta":"","header-main-stick-meta":"","header-below-stick-meta":""},"categories":[815,762],"tags":[],"acf":[],"_links":{"self":[{"href":"https:\/\/www.cnbb.org.br\/cnbb-app\/wp\/v2\/posts\/19626"}],"collection":[{"href":"https:\/\/www.cnbb.org.br\/cnbb-app\/wp\/v2\/posts"}],"about":[{"href":"https:\/\/www.cnbb.org.br\/cnbb-app\/wp\/v2\/types\/post"}],"author":[{"embeddable":true,"href":"https:\/\/www.cnbb.org.br\/cnbb-app\/wp\/v2\/users\/83"}],"replies":[{"embeddable":true,"href":"https:\/\/www.cnbb.org.br\/cnbb-app\/wp\/v2\/comments?post=19626"}],"version-history":[{"count":0,"href":"https:\/\/www.cnbb.org.br\/cnbb-app\/wp\/v2\/posts\/19626\/revisions"}],"wp:featuredmedia":[{"embeddable":true,"href":"https:\/\/www.cnbb.org.br\/cnbb-app\/wp\/v2\/media\/19627"}],"wp:attachment":[{"href":"https:\/\/www.cnbb.org.br\/cnbb-app\/wp\/v2\/media?parent=19626"}],"wp:term":[{"taxonomy":"category","embeddable":true,"href":"https:\/\/www.cnbb.org.br\/cnbb-app\/wp\/v2\/categories?post=19626"},{"taxonomy":"post_tag","embeddable":true,"href":"https:\/\/www.cnbb.org.br\/cnbb-app\/wp\/v2\/tags?post=19626"}],"curies":[{"name":"wp","href":"https:\/\/api.w.org\/{rel}","templated":true}]}}