{"id":19641,"date":"2013-07-11T00:00:00","date_gmt":"2013-07-11T03:00:00","guid":{"rendered":"https:\/\/www.cnbb.org.br\/assembleia-geral-reunira-600-consagrados-e-consagradas-em-brasilia\/"},"modified":"2013-07-11T00:00:00","modified_gmt":"2013-07-11T03:00:00","slug":"assembleia-geral-reunira-600-consagrados-e-consagradas-em-brasilia","status":"publish","type":"post","link":"https:\/\/www.cnbb.org.br\/assembleia-geral-reunira-600-consagrados-e-consagradas-em-brasilia\/","title":{"rendered":"Assembleia Geral reunir\u00e1 600 consagrados e consagradas em Bras\u00edlia"},"content":{"rendered":"<p><p style=\"text-align: justify\">A Confer\u00eancia dos Religiosos do Brasil (CRB Nacional) re\u00fane cerca de 600 religiosos e religiosas em Bras\u00edlia, na Escola Paroquial Santo Ant\u00f4nio, de 15 a 19 de julho, para a Assembleia Geral da entidade. Na ocasi\u00e3o, ser\u00e1 realizada a elei\u00e7\u00e3o da nova presid\u00eancia que atuar\u00e1 de 2013 a 2016 em prol da Vida Religiosa do Brasil.<\/p>\n<p><!--more--><\/p>\n<p style=\"text-align: justify\">Sacerdote Jesu\u00edta, Superior Provincial e membro da Diretoria da CRB Nacional como Conselheiro, Geraldo Kolling falou sobre a import\u00e2ncia desse evento para a Vida Consagrada do Brasil: \u201cTodo encontro pode ser significativo. A XXIII Assembleia Geral, por ser eletiva, pode ser de modo especial relevante para a caminhada da Vida Religiosa no Brasil, particularmente por a\u00ed se eleger nova Diretoria, criando estruturas menores (7 membros na Diretoria, sem Conselho Superior, por exemplo) e mais \u00e1geis. Creio que \u00e9 oportunidade favor\u00e1vel para conviv\u00eancia fraterna, reflex\u00e3o s\u00e9ria e encaminhamentos fortes para os pr\u00f3ximos tr\u00eas anos da Vida Religiosa Consagrada no Brasil\u201d, relatou.<\/p>\n<p style=\"text-align: justify\">Durante a Assembleia biblistas, psic\u00f3logos, te\u00f3logos e missi\u00f3logos ajudar\u00e3o no processo eletivo com algumas reflex\u00f5es sobre a Vida Religiosa: \u2018o que \u201ca Vida Religiosa est\u00e1 conversando hoje, pelo caminho\u201d; sinais que a Vida Religiosa \u2018n\u00e3o reconheceu\u2019 ao longo dos tempos; experi\u00eancia de convidar, abrir a porta e \u201centregar a casa a Jesus\u2019; compromisso mission\u00e1rio de voltar \u00e0 causa (levantar-se, depressa, voltar), leitura humana do caminho (experi\u00eancia) de Ema\u00fas\u201d.<\/p>\n<p style=\"text-align: justify\">A vota\u00e7\u00e3o ser\u00e1 realizada por meio de urna eletr\u00f4nica. Estar\u00e3o presentes na Assembleia o representante da Sagrada Congrega\u00e7\u00e3o para os Institutos de Vida Consagrada e as Sociedades de Vida Apost\u00f3lica do Vaticano, o religioso padre Alessandro Perrone, rcj, que representa o Cardeal dom Jo\u00e3o Braz de Aviz; o N\u00fancio Apost\u00f3lico do Brasil, dom Giovanni D\u2019Aniello; o presidente da Comiss\u00e3o para os Minist\u00e9rios Ordenados e a Vida Consagrada, arcebispo de Palmas, dom Pedro Brito Guimar\u00e3es; o secret\u00e1rio Geral da CNBB, dom Leonardo Ulrich Steiner, ofm; o bispo referencial da Vida Consagrada pela CNBB, dom Jaime Spengler; o arcebispo de Bras\u00edlia, dom S\u00e9rgio da Rocha; o presidente Em\u00e9rito da CRB Nacional, padre Jo\u00e3o Ed\u00eanio Vale, svd; a presidente da Confer\u00eancia Nacional dos Institutos Seculares, Helena Paludo; a representante da A\u00e7\u00e3o Episcopal Alem\u00e3 (Adveniat), Margit Wichelmann;\u00a0 padre Deusmar Jesus da Silva que representa\u00a0 padre Anselmo Matias Limbenger da Comiss\u00e3o de Presb\u00edteros; o presidente da ANEC (Associa\u00e7\u00e3o Nacional dos Institutos Seculares), padre Jos\u00e9\u00a0 Marinoni, sdb.<\/p><\/p>\n","protected":false},"excerpt":{"rendered":"<p>A Confer\u00eancia dos Religiosos do Brasil (CRB Nacional) re\u00fane cerca de 600 religiosos e religiosas em Bras\u00edlia, na Escola Paroquial Santo Ant\u00f4nio, de 15 a 19 de julho, para a Assembleia Geral da entidade. Na ocasi\u00e3o, ser\u00e1 realizada a elei\u00e7\u00e3o da nova presid\u00eancia que atuar\u00e1 de 2013 a 2016 em prol da Vida Religiosa do &hellip;<\/p>\n<p class=\"read-more\"> <a class=\"\" href=\"https:\/\/www.cnbb.org.br\/assembleia-geral-reunira-600-consagrados-e-consagradas-em-brasilia\/\"> <span class=\"screen-reader-text\">Assembleia Geral reunir\u00e1 600 consagrados e consagradas em Bras\u00edlia<\/span> Leia mais &raquo;<\/a><\/p>\n","protected":false},"author":83,"featured_media":19642,"comment_status":"open","ping_status":"open","sticky":false,"template":"","format":"standard","meta":{"site-sidebar-layout":"default","site-content-layout":"default","ast-global-header-display":"","ast-banner-title-visibility":"","ast-main-header-display":"","ast-hfb-above-header-display":"","ast-hfb-below-header-display":"","ast-hfb-mobile-header-display":"","site-post-title":"","ast-breadcrumbs-content":"","ast-featured-img":"","footer-sml-layout":"","theme-transparent-header-meta":"","adv-header-id-meta":"","stick-header-meta":"","header-above-stick-meta":"","header-main-stick-meta":"","header-below-stick-meta":""},"categories":[815,762],"tags":[],"acf":[],"_links":{"self":[{"href":"https:\/\/www.cnbb.org.br\/cnbb-app\/wp\/v2\/posts\/19641"}],"collection":[{"href":"https:\/\/www.cnbb.org.br\/cnbb-app\/wp\/v2\/posts"}],"about":[{"href":"https:\/\/www.cnbb.org.br\/cnbb-app\/wp\/v2\/types\/post"}],"author":[{"embeddable":true,"href":"https:\/\/www.cnbb.org.br\/cnbb-app\/wp\/v2\/users\/83"}],"replies":[{"embeddable":true,"href":"https:\/\/www.cnbb.org.br\/cnbb-app\/wp\/v2\/comments?post=19641"}],"version-history":[{"count":0,"href":"https:\/\/www.cnbb.org.br\/cnbb-app\/wp\/v2\/posts\/19641\/revisions"}],"wp:featuredmedia":[{"embeddable":true,"href":"https:\/\/www.cnbb.org.br\/cnbb-app\/wp\/v2\/media\/19642"}],"wp:attachment":[{"href":"https:\/\/www.cnbb.org.br\/cnbb-app\/wp\/v2\/media?parent=19641"}],"wp:term":[{"taxonomy":"category","embeddable":true,"href":"https:\/\/www.cnbb.org.br\/cnbb-app\/wp\/v2\/categories?post=19641"},{"taxonomy":"post_tag","embeddable":true,"href":"https:\/\/www.cnbb.org.br\/cnbb-app\/wp\/v2\/tags?post=19641"}],"curies":[{"name":"wp","href":"https:\/\/api.w.org\/{rel}","templated":true}]}}