{"id":19692,"date":"2011-05-20T00:00:00","date_gmt":"2011-05-20T03:00:00","guid":{"rendered":"https:\/\/www.cnbb.org.br\/padre-camilo-pauletti-avalia-assembleia-geral-das-pom-em-roma\/"},"modified":"2011-05-20T00:00:00","modified_gmt":"2011-05-20T03:00:00","slug":"padre-camilo-pauletti-avalia-assembleia-geral-das-pom-em-roma","status":"publish","type":"post","link":"https:\/\/www.cnbb.org.br\/padre-camilo-pauletti-avalia-assembleia-geral-das-pom-em-roma\/","title":{"rendered":"Padre Camilo Pauletti avalia Assembleia Geral das POM em Roma"},"content":{"rendered":"<p style=\"text-align: justify\">O diretor nacional das Pontif\u00edcias Obras Mission\u00e1rias (POM) no Brasil, padre Camilo Pauletti, fez uma avalia\u00e7\u00e3o positiva da Assembleia Geral das POM de todo o mundo em Roma. \u201cFoi uma semana muito intensa de reflex\u00f5es, leitura de relat\u00f3rios e aprova\u00e7\u00e3o de recursos para projetos mission\u00e1rios em todo mundo\u201d, disse ele.<\/p>\n<p><!--more--><\/p>\n<p style=\"text-align: justify\">Ao longo de todo o encontro, que aconteceu entre os dias 9 e 14 de maio, houve celebra\u00e7\u00f5es, audi\u00eancia com o papa Bento XVI e encontros com outras Pontif\u00edcias Obras, por continentes. \u201cNa conviv\u00eancia gratuita, partilhamos e conhecemos realidades diversas do nosso planeta\u201d, sublinhou padre Camilo que participou pela primeira vez da Assembleia Anual.<\/p>\n<p style=\"text-align: justify\">Durante sess\u00e3o administrativa da Assembleia com o presidente das quatro obras mission\u00e1rias e secret\u00e1rio adjunto da Congrega\u00e7\u00e3o para a Evangeliza\u00e7\u00e3o dos Povos, dom Piergiuseppe Vacchelli, foi frisado que a miss\u00e3o \u00e9 uma a\u00e7\u00e3o de Cristo potencializada pela a\u00e7\u00e3o do Esp\u00edrito Santo e que os crist\u00e3os precisam viver as prioridades da a\u00e7\u00e3o mission\u00e1ria em sua totalidade.<\/p>\n<p style=\"text-align: justify\">&#8220;A miss\u00e3o n\u00e3o \u00e9 um projeto nosso, devemos sentir-nos servos da miss\u00e3o de Deus, n\u00e3o protagonistas. \u00c9 pedido a toda a Igreja, e a n\u00f3s em particular, que escolhamos e vivamos as prioridades fundamentais da miss\u00e3o, que n\u00e3o \u00e9 um neg\u00f3cio financeiro, mas \u00e9 a a\u00e7\u00e3o de Cristo na pot\u00eancia do Esp\u00edrito Santo da qual n\u00f3s somos apenas os bra\u00e7os&#8221;, disse aos diretores das POM.<\/p>\n<p style=\"text-align: justify\">Em seu discurso, dom Vacchelli, afirmou ainda que o encontro das POM de todo o mundo em Roma significa \u201ca intensa comunh\u00e3o e de novo impulso ao servi\u00e7o da evangeliza\u00e7\u00e3o\u201d. Ele ressaltou ainda que &#8220;o nosso servi\u00e7o n\u00e3o tem, ou n\u00e3o deveria ter, outra finalidade que o humilde servi\u00e7o ao Evangelho em favor da humanidade\u201d.<\/p>\n<p style=\"text-align: justify\">O relat\u00f3rio do secret\u00e1rio geral da Pontif\u00edcia Uni\u00e3o Mission\u00e1ria do Clero, padre Vitor Del Prete, destacou o seguinte. &#8220;Estamos num per\u00edodo hist\u00f3rico em que a Igreja, tamb\u00e9m por causa da persegui\u00e7\u00e3o religiosa e cultural que est\u00e1 sofrendo, \u00e9 obrigada a retornar ao essencial de seu ser e da sua atividade\u201d. Ainda segundo o secret\u00e1rio, em nossos tempos est\u00e1 emergindo uma consci\u00eancia &#8220;nova&#8221; da miss\u00e3o, &#8220;no sentido que \u00e9 a miss\u00e3o de Cristo, e n\u00e3o uma miss\u00e3o nossa&#8221;, ressaltou o secret\u00e1rio, acrescentando que partindo &#8220;da modalidade com a qual Cristo anunciou o Evangelho, a Igreja deve discernir os meios a serem usados e o tipo de miss\u00e3o a realizar\u201d.<\/p>\n<p style=\"text-align: justify\">Na sess\u00e3o reservada ao conhecimento da realidade mission\u00e1ria nos v\u00e1rios continentes, houve presta\u00e7\u00e3o de contas e aprova\u00e7\u00e3o de projetos que s\u00e3o apoiados pelas Pontif\u00edcias Obras Mission\u00e1rias. Segundo padre Camilo, os projetos est\u00e3o sendo mais auxiliados nos continentes africano e asi\u00e1tico, enquanto que na Am\u00e9rica Latina ca\u00edram.\u201cFoi muito sentida a diminui\u00e7\u00e3o das ofertas para tantas necessidades\u201d, disse o diretor das POM do Brasil. Segundo ele, as ofertas diminu\u00edram nos pa\u00edses mais ricos e do primeiro mundo, principalmente por causa da crise financeira, os esc\u00e2ndalos, a diminui\u00e7\u00e3o do clero e a falta de anima\u00e7\u00e3o mission\u00e1ria. Nos pa\u00edses pobres ou emergentes as contribui\u00e7\u00f5es aumentaram. No Brasil, por exemplo, o aumento da coleta subiu em 35%. Padre Camilo disse que esse dado \u00e9 importante e faz \u201cunir as for\u00e7as da Igreja de cada pa\u00eds junto com as dioceses, pastorais, institui\u00e7\u00f5es e comunidades, para buscar formas e metodologias criativas, que impulsionem a evangeliza\u00e7\u00e3o\u201d.<\/p>\n<p style=\"text-align: justify\"><strong>Audi\u00eancia com o papa Bento XVI<\/strong><\/p>\n<p style=\"text-align: justify\">Padre Camilo destacou o encontro com o papa como \u201co marco da Assembleia Geral das POM em Roma\u201d. Durante sua exposi\u00e7\u00e3o o pont\u00edfice lembrou a realidade social dos dias atuais e chamou a aten\u00e7\u00e3o para a massa de pobres, migrantes e oprimidos que vivem com poucas esperan\u00e7as de dias melhores. \u201cO papa manifestou que precisamos trabalhar com a for\u00e7a do Evangelho, lan\u00e7ando as redes no mar e em todas as partes anunciar a Boa Nova\u201d, lembrou o diretor.<\/p>\n<p style=\"text-align: justify\">Na sua conversa pessoal com Bento XVI, padre Camilo falou do Brasil e o pont\u00edfice disse a ele que nosso pa\u00eds \u00e9 \u201cmuito grande em todos os aspectos\u201d. Padre Camilo, por sua vez, transmitiu a sauda\u00e7\u00e3o do povo brasileiro e pediu ao papa que acompanhe o Brasil com suas b\u00ean\u00e7\u00e3os.<\/p>\n","protected":false},"excerpt":{"rendered":"<p>O diretor nacional das Pontif\u00edcias Obras Mission\u00e1rias (POM) no Brasil, padre Camilo Pauletti, fez uma avalia\u00e7\u00e3o positiva da Assembleia Geral das POM de todo o mundo em Roma. \u201cFoi uma semana muito intensa de reflex\u00f5es, leitura de relat\u00f3rios e aprova\u00e7\u00e3o de recursos para projetos mission\u00e1rios em todo mundo\u201d, disse ele.<\/p>\n","protected":false},"author":83,"featured_media":19693,"comment_status":"open","ping_status":"open","sticky":false,"template":"","format":"standard","meta":{"site-sidebar-layout":"default","site-content-layout":"default","ast-global-header-display":"","ast-banner-title-visibility":"","ast-main-header-display":"","ast-hfb-above-header-display":"","ast-hfb-below-header-display":"","ast-hfb-mobile-header-display":"","site-post-title":"","ast-breadcrumbs-content":"","ast-featured-img":"","footer-sml-layout":"","theme-transparent-header-meta":"","adv-header-id-meta":"","stick-header-meta":"","header-above-stick-meta":"","header-main-stick-meta":"","header-below-stick-meta":""},"categories":[762,826],"tags":[],"acf":[],"_links":{"self":[{"href":"https:\/\/www.cnbb.org.br\/cnbb-app\/wp\/v2\/posts\/19692"}],"collection":[{"href":"https:\/\/www.cnbb.org.br\/cnbb-app\/wp\/v2\/posts"}],"about":[{"href":"https:\/\/www.cnbb.org.br\/cnbb-app\/wp\/v2\/types\/post"}],"author":[{"embeddable":true,"href":"https:\/\/www.cnbb.org.br\/cnbb-app\/wp\/v2\/users\/83"}],"replies":[{"embeddable":true,"href":"https:\/\/www.cnbb.org.br\/cnbb-app\/wp\/v2\/comments?post=19692"}],"version-history":[{"count":0,"href":"https:\/\/www.cnbb.org.br\/cnbb-app\/wp\/v2\/posts\/19692\/revisions"}],"wp:featuredmedia":[{"embeddable":true,"href":"https:\/\/www.cnbb.org.br\/cnbb-app\/wp\/v2\/media\/19693"}],"wp:attachment":[{"href":"https:\/\/www.cnbb.org.br\/cnbb-app\/wp\/v2\/media?parent=19692"}],"wp:term":[{"taxonomy":"category","embeddable":true,"href":"https:\/\/www.cnbb.org.br\/cnbb-app\/wp\/v2\/categories?post=19692"},{"taxonomy":"post_tag","embeddable":true,"href":"https:\/\/www.cnbb.org.br\/cnbb-app\/wp\/v2\/tags?post=19692"}],"curies":[{"name":"wp","href":"https:\/\/api.w.org\/{rel}","templated":true}]}}