{"id":19694,"date":"2011-05-26T00:00:00","date_gmt":"2011-05-26T03:00:00","guid":{"rendered":"https:\/\/www.cnbb.org.br\/semana-de-formacao-missionaria-reune-32-formadores-de-seminario-da-igreja-no-brasil\/"},"modified":"2011-05-26T00:00:00","modified_gmt":"2011-05-26T03:00:00","slug":"semana-de-formacao-missionaria-reune-32-formadores-de-seminario-da-igreja-no-brasil","status":"publish","type":"post","link":"https:\/\/www.cnbb.org.br\/semana-de-formacao-missionaria-reune-32-formadores-de-seminario-da-igreja-no-brasil\/","title":{"rendered":"Semana de Forma\u00e7\u00e3o mission\u00e1ria re\u00fane 32 formadores de semin\u00e1rio da Igreja no Brasil"},"content":{"rendered":"<p style=\"text-align: justify\">Acontece desde segunda-feira, 23, na sede nacional das Pontif\u00edcias Obras Mission\u00e1rias (POM) em Bras\u00edlia, a Semana de Forma\u00e7\u00e3o Mission\u00e1ria para Formadores de Semin\u00e1rio. O encontro \u00e9 realizado pelas POM em parceria com o Centro Cultural Mission\u00e1rio (CCM).<\/p>\n<p><!--more--><\/p>\n<p style=\"text-align: justify\">A iniciativa foi impulsionada pelo 1\u00ba Congresso Mission\u00e1rio Nacional de Seminaristas, realizado em julho de 2010. \u201cOs seminaristas observaram, durante aquele Congresso, a necessidade dos formadores tamb\u00e9m ouvirem sobre a tem\u00e1tica mission\u00e1ria no per\u00edodo formativo dos futuros padres. Foi mais um apoio para realizarmos esta forma\u00e7\u00e3o\u201d, comentou o secret\u00e1rio nacional da Pontif\u00edcia Uni\u00e3o Mission\u00e1ria, padre S\u00e1vio Corinaldesi.<\/p>\n<p style=\"text-align: justify\"><img decoding=\"async\" loading=\"lazy\" class=\" alignright size-full wp-image-9943\" style=\"float: right\" title=\"Padre Gerv\u00e1sio Queiroga, fundador do Instituto Jesus Mission\u00e1rio dos Pobres\" src=\"https:\/\/www.cnbb.org.br\/wp-content\/uploads\/2020\/03\/gervasio1cnbb1.jpg\" alt=\"gervasio1cnbb1\" width=\"273\" height=\"242\" \/>Nesta quarta-feira, 25, o fundador do Instituto Jesus Mission\u00e1rio dos Pobres, padre Gerv\u00e1sio Queiroga, ministrou a palestra \u201cKair\u00f3s da Forma\u00e7\u00e3o nos Semin\u00e1rios em Vista da Miss\u00e3o\u201d. Em sua exposi\u00e7\u00e3o, ele questionou aos participantes \u201cquem, na Igreja, \u00e9 o grande respons\u00e1vel pela a\u00e7\u00e3o mission\u00e1ria?\u201d e respondeu. \u201c\u00c9 uma responsabilidade de toda a Igreja, pois foi o sonho deixado pelo Pai. Toda a Igreja \u00e9 convocada a partir do papa, em primeiro lugar, passando pelos bispos no Col\u00e9gio Episcopal e seus presb\u00edteros, nos semin\u00e1rios, no per\u00edodo formativo a trabalhar a a\u00e7\u00e3o mission\u00e1ria\u201d, disse o assessor.<\/p>\n<p style=\"text-align: justify\">A partir dos questionamentos, divididos em grupos, os padres avaliaram como est\u00e1 sendo a missionariedade nos institutos e semin\u00e1rios onde s\u00e3o formados os futuros presb\u00edteros e o que \u00e9 preciso melhorar e ser revisto.<\/p>\n<p style=\"text-align: justify\">De acordo com o reitor do Semin\u00e1rio diocesano de Ilh\u00e9us (BA), padre Marcos Alc\u00e2ntara, o prop\u00f3sito \u00e9 levar para a realidade diocesana, no Semin\u00e1rio, as propostas do Documento de Aparecida para que os seminaristas n\u00e3o corram o risco de ficarem nas casas de forma\u00e7\u00e3o isolados da dimens\u00e3o mission\u00e1ria da Igreja. \u201cQueremos trabalhar com nossos seminaristas a partir do Conselho Mission\u00e1rio do Semin\u00e1rio com a\u00e7\u00f5es concretas em n\u00edvel de campanhas solid\u00e1rias, ora\u00e7\u00e3o, estudo\u201d.<\/p>\n<p style=\"text-align: justify\">Para o reitor do Semin\u00e1rio Proped\u00eautico de diocese de Campanha (MG), padre Carlos Henrique Machado de Paiva, a primeira coisa a ser feita \u00e9 levar o testemunho do encontro para o ambiente do semin\u00e1rio e come\u00e7ar a valorizar mais a dimens\u00e3o mission\u00e1ria em todos os \u00e2mbitos da Igreja. \u201cDevemos levar o testemunho do encontro, reafirmar aos seminaristas que a Igreja \u00e9 mission\u00e1ria na sua ess\u00eancia e que sem isso ela n\u00e3o vive\u201d, apontou o formador.<\/p>\n<p style=\"text-align: justify\"><img decoding=\"async\" loading=\"lazy\" class=\" alignleft size-full wp-image-9944\" style=\"float: left\" title=\"Padre Estev\u00e3o Raschietti, secret\u00e1rio executivo do CCM\" src=\"https:\/\/www.cnbb.org.br\/wp-content\/uploads\/2020\/03\/padre_estevao_formacao_pom.jpg\" alt=\"padre_estevao_formacao_pom\" width=\"228\" height=\"304\" \/>Na ter\u00e7a-feira, 24, o secret\u00e1rio executivo do Centro Cultural Mission\u00e1rio (CCM), padre Estev\u00e3o Raschietti, destacou a tem\u00e1tica \u201cA Dimens\u00e3o Mission\u00e1ria no Atual Contexto da Forma\u00e7\u00e3o Presbiteral\u201d. Uma das preocupa\u00e7\u00f5es durante o per\u00edodo formativo, segundo ele, deve se centralizar nas condi\u00e7\u00f5es da sociedade hoje. \u201cO ambiente formativo \u00e9 determinado pelas condi\u00e7\u00f5es da sociedade e da cultura do mundo, portanto, n\u00e3o \u00e9 um ambiente fechado, mas \u00e9 determinado pela forma como anda o mundo e isso deve ser uma preocupa\u00e7\u00e3o constante na forma\u00e7\u00e3o\u201d, disse aos 32 formadores de semin\u00e1rio reunidos no encontro. Nos dias de hoje, completou, \u201cas casas de forma\u00e7\u00e3o precisam lan\u00e7ar din\u00e2micas formativas para formar n\u00e3o s\u00f3 bons pastores, mas bons semeadores e bons pescadores\u201d.<\/p>\n<p style=\"text-align: justify\"><strong>Programa\u00e7\u00e3o<\/strong><\/p>\n<p style=\"text-align: justify\">As discuss\u00f5es desta quinta-feira, 26, ser\u00e3o coordenadas pelo diretor nacional das POM, padre Camilo Pauletti; e pelos tr\u00eas secret\u00e1rios das obras pontif\u00edcias: padre S\u00e1vio Corinaldesi, da Pontif\u00edcia Uni\u00e3o Mission\u00e1ria; padre Andr\u00e9 Luiz de Negreiros, Inf\u00e2ncia e Adolesc\u00eancia Mission\u00e1ria (IAM) e padre Marcelo Gualberto, Propaga\u00e7\u00e3o da F\u00e9 e Juventude Mission\u00e1ria. Eles discorrer\u00e3o sobre \u201cOrganograma Mission\u00e1rio da Igreja no Brasil: Pontif\u00edcias Obras Mission\u00e1rias, Campanha Mission\u00e1ria, Dia Mundial das Miss\u00f5es, M\u00eas das Miss\u00f5es\u201d. A forma\u00e7\u00e3o segue at\u00e9 sexta-feira, 27.<\/p>\n","protected":false},"excerpt":{"rendered":"<p>Acontece desde segunda-feira, 23, na sede nacional das Pontif\u00edcias Obras Mission\u00e1rias (POM) em Bras\u00edlia, a Semana de Forma\u00e7\u00e3o Mission\u00e1ria para Formadores de Semin\u00e1rio. O encontro \u00e9 realizado pelas POM em parceria com o Centro Cultural Mission\u00e1rio (CCM).<\/p>\n","protected":false},"author":83,"featured_media":19695,"comment_status":"open","ping_status":"open","sticky":false,"template":"","format":"standard","meta":{"site-sidebar-layout":"default","site-content-layout":"default","ast-global-header-display":"","ast-banner-title-visibility":"","ast-main-header-display":"","ast-hfb-above-header-display":"","ast-hfb-below-header-display":"","ast-hfb-mobile-header-display":"","site-post-title":"","ast-breadcrumbs-content":"","ast-featured-img":"","footer-sml-layout":"","theme-transparent-header-meta":"","adv-header-id-meta":"","stick-header-meta":"","header-above-stick-meta":"","header-main-stick-meta":"","header-below-stick-meta":""},"categories":[762,826],"tags":[],"acf":[],"_links":{"self":[{"href":"https:\/\/www.cnbb.org.br\/cnbb-app\/wp\/v2\/posts\/19694"}],"collection":[{"href":"https:\/\/www.cnbb.org.br\/cnbb-app\/wp\/v2\/posts"}],"about":[{"href":"https:\/\/www.cnbb.org.br\/cnbb-app\/wp\/v2\/types\/post"}],"author":[{"embeddable":true,"href":"https:\/\/www.cnbb.org.br\/cnbb-app\/wp\/v2\/users\/83"}],"replies":[{"embeddable":true,"href":"https:\/\/www.cnbb.org.br\/cnbb-app\/wp\/v2\/comments?post=19694"}],"version-history":[{"count":0,"href":"https:\/\/www.cnbb.org.br\/cnbb-app\/wp\/v2\/posts\/19694\/revisions"}],"wp:featuredmedia":[{"embeddable":true,"href":"https:\/\/www.cnbb.org.br\/cnbb-app\/wp\/v2\/media\/19695"}],"wp:attachment":[{"href":"https:\/\/www.cnbb.org.br\/cnbb-app\/wp\/v2\/media?parent=19694"}],"wp:term":[{"taxonomy":"category","embeddable":true,"href":"https:\/\/www.cnbb.org.br\/cnbb-app\/wp\/v2\/categories?post=19694"},{"taxonomy":"post_tag","embeddable":true,"href":"https:\/\/www.cnbb.org.br\/cnbb-app\/wp\/v2\/tags?post=19694"}],"curies":[{"name":"wp","href":"https:\/\/api.w.org\/{rel}","templated":true}]}}