{"id":19707,"date":"2011-10-08T00:00:00","date_gmt":"2011-10-08T03:00:00","guid":{"rendered":"https:\/\/www.cnbb.org.br\/pom-e-ccm-finalizam-mais-uma-semana-de-formacao-missionaria-para-parocos\/"},"modified":"2011-10-08T00:00:00","modified_gmt":"2011-10-08T03:00:00","slug":"pom-e-ccm-finalizam-mais-uma-semana-de-formacao-missionaria-para-parocos","status":"publish","type":"post","link":"https:\/\/www.cnbb.org.br\/pom-e-ccm-finalizam-mais-uma-semana-de-formacao-missionaria-para-parocos\/","title":{"rendered":"POM e CCM finalizam mais uma Semana de Forma\u00e7\u00e3o Mission\u00e1ria para P\u00e1rocos"},"content":{"rendered":"<p style=\"text-align: justify\">Encerrou nesta sexta-feira, 7, mais uma Semana de Forma\u00e7\u00e3o Mission\u00e1ria para P\u00e1rocos e Vig\u00e1rios, promovida pelas Pontif\u00edcias Obras Mission\u00e1rias (POM) em parceria com o Centro Cultural Missio\u00e1rio (CCM). A forma\u00e7\u00e3o, que acontece pela segunda vez na sede nacional das POM, em Bras\u00edlia, reuniu 32 sacerdotes para discutir, estudar e aprofundar temas com enfoque na dimens\u00e3o mission\u00e1ria.<\/p>\n<p><!--more--><\/p>\n<p style=\"text-align: justify\">Durante os cinco dias de Semana Mission\u00e1ria, os padres tiveram como assessores o diretor executivo do Centro Cultural Mission\u00e1rio (CCM), padre Est\u00eav\u00e3o Raschietti, que tratou da tem\u00e1tica \u201cKair\u00f3s da Miss\u00e3o nos documentos do magist\u00e9rio com enfoque pastoral: do Vaticano II at\u00e9 Aparecida\u201d; padre Gerv\u00e1sio Queiroga, que assessorou o tema \u201cA caminhada mission\u00e1ria da Igreja no Brasil desde a funda\u00e7\u00e3o da CNBB\u201d, e, por fim, os padres das POM, que assessoram o tema \u201cOrganograma da Igreja no Brasil: Pontif\u00edcias Obras Mission\u00e1rias, Campanha da Fraternidade, Dia Mundial das Miss\u00f5es e M\u00eas Mission\u00e1rio\u201d.<\/p>\n<p style=\"text-align: justify\"><strong>Conc\u00edlio Vaticano II e a Miss\u00e3o<\/strong><\/p>\n<p style=\"text-align: justify\">Questionado se a caminhada mission\u00e1ria da Igreja no Brasil sofreu mudan\u00e7as significativas, ap\u00f3s o Conc\u00edlio Vaticano II, padre Gerv\u00e1sio Queiroga foi enf\u00e1tico ao afirmar que as mudan\u00e7as podem ser vistas, mas foram poucas. Ele ressaltou, por\u00e9m, que h\u00e1 uma recupera\u00e7\u00e3o hoje da fundamenta\u00e7\u00e3o da tem\u00e1tica.<\/p>\n<p style=\"text-align: justify\">\u201cMudou menos do que a gente gostaria, mas houve mudan\u00e7as. Passamos de uma fase ap\u00f3s o Conc\u00edlio Vaticano II em que a miss\u00e3o como palavra e conte\u00fado entrou um pouco em crise tamb\u00e9m na Igreja no Brasil. Hoje h\u00e1 uma recupera\u00e7\u00e3o principalmente com o Documento de Aparecida, com as Diretrizes Gerais da A\u00e7\u00e3o Evangelizadora da Igreja no Brasil (DGAE) e com o trabalho firme e permanente das Pontif\u00edcias Obras Mission\u00e1rias\u201d destacou padre Gerv\u00e1sio.<\/p>\n<p style=\"text-align: justify\">Tamb\u00e9m citou o Conc\u00edlio Vaticano II o padre Est\u00eav\u00e3o Raschietti. De acordo com ele, o grande encontro dos bispos ao redor do papa foi decisivo para a nova vis\u00e3o de miss\u00e3o que se instaurou na Igreja em todo o mundo. \u201cO Conc\u00edlio Vaticano II colocou o conceito de miss\u00e3o no cora\u00e7\u00e3o da trindade, fez-nos entender Deus como o primeiro grande mission\u00e1rio, como fonte de toda a miss\u00e3o, e a desligou de uma tarefa da Igreja. A miss\u00e3o, a partir dali, passou a ser uma a\u00e7\u00e3o divina, onde a Igreja participa\u201d, disse padre Est\u00eav\u00e3o.<\/p>\n<p style=\"text-align: justify\"><strong>A Semana de Forma\u00e7\u00e3o Mission\u00e1ria<\/strong><\/p>\n<p style=\"text-align: justify\">Padre Est\u00eav\u00e3o avaliou positivamente a Semana de Forma\u00e7\u00e3o Mission\u00e1ria e afirmou que os participantes se interessaram principalmente pela teologia da miss\u00e3o. \u201cOs padres manifestaram o desejo de aprofundar assuntos mission\u00e1rios tanto da teologia da miss\u00e3o como de alguns assuntos pr\u00e1ticos. Eles manifestaram interesse pela quest\u00e3o teol\u00f3gica porque essa dimens\u00e3o caminha para uma nova vis\u00e3o de Igreja, ou seja, de se abrir para horizontes maiores e n\u00e3o se preocupar apenas com a par\u00f3quia e suas necessidades\u201d.<\/p>\n<p style=\"text-align: justify\"><img decoding=\"async\" loading=\"lazy\" class=\" alignleft size-full wp-image-12084\" style=\"float: left\" src=\"https:\/\/www.cnbb.org.br\/wp-content\/uploads\/2020\/03\/padre_dimas_goncalves.jpg\" alt=\"padre_dimas_goncalves\" width=\"217\" height=\"162\" \/>Para o padre Dimas Gon\u00e7alves, da arquidiocese de Fortaleza (CE), o encontro foi fiel \u00e0s propostas da Igreja de se tornar disc\u00edpula-mission\u00e1ria. O sacerdote se comprometeu ainda em levar adiante o conte\u00fado da semana de forma\u00e7\u00e3o. \u201cO curso permaneceu dentro da proposta da Igreja de ser disc\u00edpula-mission\u00e1ria como somos chamados. Despertou em mim o desejo de conhecer e aprofundar o tema sobre a Miss\u00e3o Ad Gentes. Foi enriquecedor e nos encheu de ardor mission\u00e1rio para voltarmos para a nossas dioceses e par\u00f3quias e incentivar esse dimens\u00e3o da Igreja\u201d, sublinhou.<\/p>\n<p style=\"text-align: justify\"><img decoding=\"async\" loading=\"lazy\" class=\" alignright size-full wp-image-12085\" style=\"float: right\" src=\"https:\/\/www.cnbb.org.br\/wp-content\/uploads\/2020\/03\/padre_marcos_donizetti.jpg\" alt=\"padre_marcos_donizetti\" width=\"204\" height=\"184\" \/>Padre Marcos Donizetti, da diocese de Itapetinga (SP) disse que a sua diocese conta com a presen\u00e7a do Conselho Mission\u00e1rio Diocesano (Comidi) e dos Conselhos Mission\u00e1rios Paroquiais (Comipas), justamente por isso, o encontro veio para refor\u00e7ar o seu o conhecimento sobre os trabalhos mission\u00e1rios e impulsionar ainda mais seu interesse por esta dimens\u00e3o. \u201cNa minha diocese j\u00e1 temos uma forte presen\u00e7a da dimens\u00e3o mission\u00e1ria e essa forma\u00e7\u00e3o veio de encontro aos anseios que eu vinha buscando que \u00e9 me aprofundar na miss\u00e3o\u201d.<\/p>\n<p style=\"text-align: justify\"><img decoding=\"async\" loading=\"lazy\" class=\" alignleft size-full wp-image-12086\" style=\"float: left\" src=\"https:\/\/www.cnbb.org.br\/wp-content\/uploads\/2020\/03\/padre_sidney_fabril.jpg\" alt=\"padre_sidney_fabril\" width=\"214\" height=\"171\" \/>O que mais chamou a aten\u00e7\u00e3o do padre Sidney Fabril, da arquidiocese de Maring\u00e1 (PR) foi a miss\u00e3o al\u00e9m-fronteiras. Ele afirmou que pensar nesse aspecto da miss\u00e3o leva a Igreja a se tornar mais solid\u00e1ria e pensar al\u00e9m de si, naqueles que mais precisam. \u201cSomos muito voltados para n\u00f3s mesmo, para as nossas pr\u00f3prias realidades e n\u00e3o conseguimos olhar para a outra margem. Ficamos esperando ter mais mission\u00e1rios para a nossa realidade e \u00e0s vezes isso n\u00e3o acontece justamente porque est\u00e1 faltando a partilha. Antes de pensar em n\u00f3s mesmo temos que partilhar com quem tem menos ainda. S\u00f3 assim vamos conseguir despertar voca\u00e7\u00f5es para n\u00f3s. Quem n\u00e3o partilha com os outros, quem n\u00e3o doa, acaba n\u00e3o recebendo e n\u00e3o crescendo. Precisamos tomar a iniciativa de doar para termos mais\u201d, afirmou o coordenador de pastoral da arquidiocese de Maring\u00e1.<\/p>\n<p style=\"text-align: justify\">Na avalia\u00e7\u00e3o do diretor nacional das POM, padre Camilo Pauletti, o encontro foi positivo principalmente pelo conte\u00fado desenvolvido e acolhido pelos participantes, como tamb\u00e9m por tornar a entidade e seus trabalhos conhecidos por aqueles que trabalham nas bases da Igreja: o p\u00e1roco. \u201cFoi positivo pelas rea\u00e7\u00f5es dos padres que participaram. Percebemos que precisamos caminhar muito para informar sobre a situa\u00e7\u00e3o mission\u00e1ria. Muitos deles n\u00e3o conheciam o que s\u00e3o as POM, nem como \u00e9 feito e s\u00e3o distribu\u00eddos os materiais. Alguns t\u00eam conhecimento dos trabalhos da Inf\u00e2ncia e Adolesc\u00eancia Mission\u00e1ria, mas quase nada al\u00e9m disso. Outros d\u00e3o a entender que nem sabiam que quem produz o material da Campanha Missionaria s\u00e3o as Pontif\u00edcias Obras Mission\u00e1rias. O que encontro \u00e9 importante porque ajuda a fazer conhecer as POM e justamente por isso n\u00f3s planejamos continuar com as forma\u00e7\u00f5es\u201d.<\/p>\n","protected":false},"excerpt":{"rendered":"<p>Encerrou nesta sexta-feira, 7, mais uma Semana de Forma\u00e7\u00e3o Mission\u00e1ria para P\u00e1rocos e Vig\u00e1rios, promovida pelas Pontif\u00edcias Obras Mission\u00e1rias (POM) em parceria com o Centro Cultural Missio\u00e1rio (CCM). A forma\u00e7\u00e3o, que acontece pela segunda vez na sede nacional das POM, em Bras\u00edlia, reuniu 32 sacerdotes para discutir, estudar e aprofundar temas com enfoque na dimens\u00e3o &hellip;<\/p>\n<p class=\"read-more\"> <a class=\"\" href=\"https:\/\/www.cnbb.org.br\/pom-e-ccm-finalizam-mais-uma-semana-de-formacao-missionaria-para-parocos\/\"> <span class=\"screen-reader-text\">POM e CCM finalizam mais uma Semana de Forma\u00e7\u00e3o Mission\u00e1ria para P\u00e1rocos<\/span> Leia mais &raquo;<\/a><\/p>\n","protected":false},"author":83,"featured_media":19708,"comment_status":"open","ping_status":"open","sticky":false,"template":"","format":"standard","meta":{"site-sidebar-layout":"default","site-content-layout":"default","ast-global-header-display":"","ast-banner-title-visibility":"","ast-main-header-display":"","ast-hfb-above-header-display":"","ast-hfb-below-header-display":"","ast-hfb-mobile-header-display":"","site-post-title":"","ast-breadcrumbs-content":"","ast-featured-img":"","footer-sml-layout":"","theme-transparent-header-meta":"","adv-header-id-meta":"","stick-header-meta":"","header-above-stick-meta":"","header-main-stick-meta":"","header-below-stick-meta":""},"categories":[762,826],"tags":[],"acf":[],"_links":{"self":[{"href":"https:\/\/www.cnbb.org.br\/cnbb-app\/wp\/v2\/posts\/19707"}],"collection":[{"href":"https:\/\/www.cnbb.org.br\/cnbb-app\/wp\/v2\/posts"}],"about":[{"href":"https:\/\/www.cnbb.org.br\/cnbb-app\/wp\/v2\/types\/post"}],"author":[{"embeddable":true,"href":"https:\/\/www.cnbb.org.br\/cnbb-app\/wp\/v2\/users\/83"}],"replies":[{"embeddable":true,"href":"https:\/\/www.cnbb.org.br\/cnbb-app\/wp\/v2\/comments?post=19707"}],"version-history":[{"count":0,"href":"https:\/\/www.cnbb.org.br\/cnbb-app\/wp\/v2\/posts\/19707\/revisions"}],"wp:featuredmedia":[{"embeddable":true,"href":"https:\/\/www.cnbb.org.br\/cnbb-app\/wp\/v2\/media\/19708"}],"wp:attachment":[{"href":"https:\/\/www.cnbb.org.br\/cnbb-app\/wp\/v2\/media?parent=19707"}],"wp:term":[{"taxonomy":"category","embeddable":true,"href":"https:\/\/www.cnbb.org.br\/cnbb-app\/wp\/v2\/categories?post=19707"},{"taxonomy":"post_tag","embeddable":true,"href":"https:\/\/www.cnbb.org.br\/cnbb-app\/wp\/v2\/tags?post=19707"}],"curies":[{"name":"wp","href":"https:\/\/api.w.org\/{rel}","templated":true}]}}