{"id":19711,"date":"2011-11-14T00:00:00","date_gmt":"2011-11-14T02:00:00","guid":{"rendered":"https:\/\/www.cnbb.org.br\/3o-congresso-missionario-nacional-abordara-discipulado-missionario-a-luz-do-vaticano-ii\/"},"modified":"2011-11-14T00:00:00","modified_gmt":"2011-11-14T02:00:00","slug":"3o-congresso-missionario-nacional-abordara-discipulado-missionario-a-luz-do-vaticano-ii","status":"publish","type":"post","link":"https:\/\/www.cnbb.org.br\/3o-congresso-missionario-nacional-abordara-discipulado-missionario-a-luz-do-vaticano-ii\/","title":{"rendered":"3\u00ba Congresso Mission\u00e1rio Nacional abordar\u00e1 discipulado mission\u00e1rio \u00e0 luz do Vaticano II"},"content":{"rendered":"<p style=\"text-align: justify\">O encontro anual do Conselho Mission\u00e1rio Nacional (Comina), realizado no fim de semana, dias 11 a 13, na sede das Pontif\u00edcias Obras Mission\u00e1rias (POM), em Bras\u00edlia, concentrou a sua aten\u00e7\u00e3o na prepara\u00e7\u00e3o do 3\u00ba Congresso Mission\u00e1rio Nacional (CMN). Mas, na tarde, do s\u00e1bado, 12, o diretor das POM, padre Camilo Pauletti, falou sobre a prepara\u00e7\u00e3o de outro evento, o 4\u00ba Congresso Mission\u00e1rio Americano &#8211; Cam4 e o 9\u00ba Congresso Mission\u00e1rio Latino-Americano (Comla 9), cuja data foi remarcada para os dias 26 de novembro a 1\u00ba de dezembro de 2013, em Maraca\u00edbo na Venezuela. O 3\u00ba CMN a realizar-se em Palmas (TO), servir\u00e1 como prepara\u00e7\u00e3o da Igreja no Brasil para o Cam4 &#8211; Comla 9.<\/p>\n<p><!--more--><\/p>\n<p style=\"text-align: justify\"><img decoding=\"async\" loading=\"lazy\" class=\" alignright size-full wp-image-12630\" style=\"float: right\" src=\"https:\/\/www.cnbb.org.br\/wp-content\/uploads\/2020\/03\/Camilo_diretor.jpg\" alt=\"Camilo_diretor\" width=\"326\" height=\"234\" \/><\/p>\n<p style=\"text-align: justify\">O diretor das POM apresentou a estrutura e uma programa\u00e7\u00e3o do 3\u00ba Congresso Mission\u00e1rio Nacional, proposta da Equipe Executiva do Comina. O objetivo geral \u00e9 &#8220;Assumir a dimens\u00e3o universal da miss\u00e3o, guiados pelo Esp\u00edrito, a servi\u00e7o do reino, \u00e0 luz do Conc\u00edlio Vaticano II e da caminhada Latino-americana em vista do Cam4 &#8211; Comla 9\u201d, disse.<\/p>\n<p style=\"text-align: justify\">Na discuss\u00e3o sobre o tema do 3\u00ba CMN foram feitos alguns ajustes para sintonizar com o mesmo tema do 4\u00ba Congresso Mission\u00e1rio Americano da Venezuela. No final das interven\u00e7\u00f5es o tema ficou assim definido: &#8220;Discipulado mission\u00e1rio: do Brasil para um Mundo secularizado e pluricultural, \u00e0 luz do Vaticano II&#8221;.<\/p>\n<p style=\"text-align: justify\">O 3\u00ba CMN pretende reunir, em Palmas (TO), cerca de 600 pessoas representantes dos Regionais e organismos mission\u00e1rios. O presidente do Comina e da Comiss\u00e3o para a A\u00e7\u00e3o Mission\u00e1ria da CNBB, dom S\u00e9rgio Braschi, lembrou que os participantes devem ser pessoas que estejam engajadas nas atividades mission\u00e1rias nos regionais e dioceses. Cada regional ter\u00e1 uma cota de vagas seguindo alguns crit\u00e9rios determinados pela organiza\u00e7\u00e3o.<\/p>\n<p style=\"text-align: justify\">Em seguida, o secret\u00e1rio executivo do Comina e assessor nacional da Comiss\u00e3o Episcopal Pastoral para a A\u00e7\u00e3o Mission\u00e1ria e Coopera\u00e7\u00e3o Intereclesial da CNBB, padre Altevir da Silva, partilhou a sua participa\u00e7\u00e3o no I Simp\u00f3sio Internacional de Missiologia, realizado em Caracas, Venezuela, em janeiro de 2011. O Simp\u00f3sio teve como tema &#8220;Seculariza\u00e7\u00e3o, no presente e futuro, desafio para a Miss\u00e3o&#8221;. Todos esses eventos est\u00e3o interconectados na reflex\u00e3o missiol\u00f3gica do Continente.<\/p>\n<p style=\"text-align: justify\"><img decoding=\"async\" loading=\"lazy\" class=\" alignright size-full wp-image-12631\" style=\"float: right\" src=\"https:\/\/www.cnbb.org.br\/wp-content\/uploads\/2020\/03\/gruo_cimina_.jpg\" alt=\"gruo_cimina_\" width=\"555\" height=\"350\" \/>Eden Magalh\u00e3es, mission\u00e1rio do Conselho Indigenista Mission\u00e1rio (Cimi), relatou as dificuldades impostas pelos impactos dos grandes projetos na Amaz\u00f4nia, inclusive os financiados pelo Programa de Acelera\u00e7\u00e3o do Crescimento (PAC). Os movimentos populares e ind\u00edgenas est\u00e3o enfrentando dificuldades de se articularem. As comunidades recorrem \u00e0 Igreja em busca de apoio. Para tal, foi realizado um Semin\u00e1rio com a participa\u00e7\u00e3o de 700 pessoas que acabou por estabelecer uma alian\u00e7a entre ind\u00edgenas e pescadores. Como resultado decidiu-se ocupar o canteiro de obras na constru\u00e7\u00e3o da Hidrel\u00e9trica de Belo Monte, a 50 quil\u00f4metros de Altamira (PA). Ap\u00f3s uma ordem judicial o movimento resolveu desocupar o local, mas deixou claro que outras a\u00e7\u00f5es vir\u00e3o. Segundo Eden, &#8220;o movimento se fortaleceu e mesmo contra um gigante h\u00e1 ainda possibilidade de resistir&#8221;, concluiu o mission\u00e1rio do Cimi. Padre Altevir refor\u00e7ou a necessidade de acompanhar e apoiar essas a\u00e7\u00f5es como a dimens\u00e3o prof\u00e9tica da Miss\u00e3o.<\/p>\n<p style=\"text-align: justify\"><em><span style=\"font-size: 10pt\"><span class=\"fs2\">CNBB\/POM com Revista Miss\u00f5es<\/span><\/span><\/em><\/p>\n","protected":false},"excerpt":{"rendered":"<p>O encontro anual do Conselho Mission\u00e1rio Nacional (Comina), realizado no fim de semana, dias 11 a 13, na sede das Pontif\u00edcias Obras Mission\u00e1rias (POM), em Bras\u00edlia, concentrou a sua aten\u00e7\u00e3o na prepara\u00e7\u00e3o do 3\u00ba Congresso Mission\u00e1rio Nacional (CMN). Mas, na tarde, do s\u00e1bado, 12, o diretor das POM, padre Camilo Pauletti, falou sobre a prepara\u00e7\u00e3o &hellip;<\/p>\n<p class=\"read-more\"> <a class=\"\" href=\"https:\/\/www.cnbb.org.br\/3o-congresso-missionario-nacional-abordara-discipulado-missionario-a-luz-do-vaticano-ii\/\"> <span class=\"screen-reader-text\">3\u00ba Congresso Mission\u00e1rio Nacional abordar\u00e1 discipulado mission\u00e1rio \u00e0 luz do Vaticano II<\/span> Leia mais &raquo;<\/a><\/p>\n","protected":false},"author":83,"featured_media":19712,"comment_status":"open","ping_status":"open","sticky":false,"template":"","format":"standard","meta":{"site-sidebar-layout":"default","site-content-layout":"default","ast-global-header-display":"","ast-banner-title-visibility":"","ast-main-header-display":"","ast-hfb-above-header-display":"","ast-hfb-below-header-display":"","ast-hfb-mobile-header-display":"","site-post-title":"","ast-breadcrumbs-content":"","ast-featured-img":"","footer-sml-layout":"","theme-transparent-header-meta":"","adv-header-id-meta":"","stick-header-meta":"","header-above-stick-meta":"","header-main-stick-meta":"","header-below-stick-meta":""},"categories":[762,826],"tags":[],"acf":[],"_links":{"self":[{"href":"https:\/\/www.cnbb.org.br\/cnbb-app\/wp\/v2\/posts\/19711"}],"collection":[{"href":"https:\/\/www.cnbb.org.br\/cnbb-app\/wp\/v2\/posts"}],"about":[{"href":"https:\/\/www.cnbb.org.br\/cnbb-app\/wp\/v2\/types\/post"}],"author":[{"embeddable":true,"href":"https:\/\/www.cnbb.org.br\/cnbb-app\/wp\/v2\/users\/83"}],"replies":[{"embeddable":true,"href":"https:\/\/www.cnbb.org.br\/cnbb-app\/wp\/v2\/comments?post=19711"}],"version-history":[{"count":0,"href":"https:\/\/www.cnbb.org.br\/cnbb-app\/wp\/v2\/posts\/19711\/revisions"}],"wp:featuredmedia":[{"embeddable":true,"href":"https:\/\/www.cnbb.org.br\/cnbb-app\/wp\/v2\/media\/19712"}],"wp:attachment":[{"href":"https:\/\/www.cnbb.org.br\/cnbb-app\/wp\/v2\/media?parent=19711"}],"wp:term":[{"taxonomy":"category","embeddable":true,"href":"https:\/\/www.cnbb.org.br\/cnbb-app\/wp\/v2\/categories?post=19711"},{"taxonomy":"post_tag","embeddable":true,"href":"https:\/\/www.cnbb.org.br\/cnbb-app\/wp\/v2\/tags?post=19711"}],"curies":[{"name":"wp","href":"https:\/\/api.w.org\/{rel}","templated":true}]}}