{"id":19718,"date":"2012-03-01T00:00:00","date_gmt":"2012-03-01T03:00:00","guid":{"rendered":"https:\/\/www.cnbb.org.br\/comina-lanca-material-do-3o-congresso-missionario-nacional\/"},"modified":"2012-03-01T00:00:00","modified_gmt":"2012-03-01T03:00:00","slug":"comina-lanca-material-do-3o-congresso-missionario-nacional","status":"publish","type":"post","link":"https:\/\/www.cnbb.org.br\/comina-lanca-material-do-3o-congresso-missionario-nacional\/","title":{"rendered":"Comina e POM lan\u00e7am material do 3\u00ba Congresso Mission\u00e1rio Nacional"},"content":{"rendered":"<p style=\"text-align: justify\">Neste fim de semana, dias 2 a 4 de mar\u00e7o, representantes das for\u00e7as mission\u00e1rias da Igreja Cat\u00f3lica no Brasil estar\u00e3o reunidas na sede nacional das Pontif\u00edcias Obras Mission\u00e1rias (POM), em Bras\u00edlia (DF), para a 29\u00aa Assembleia do Conselho Mission\u00e1rio Nacional (Comina), organismo cuja finalidade \u00e9 a anima\u00e7\u00e3o, a forma\u00e7\u00e3o, a organiza\u00e7\u00e3o e a coopera\u00e7\u00e3o mission\u00e1ria al\u00e9m-fronteiras das igrejas locais.<\/p>\n<p><!--more--><\/p>\n<p style=\"text-align: justify\">O principal objetivo do evento \u00e9 a prepara\u00e7\u00e3o do 3\u00ba Congresso Mission\u00e1rio Nacional (3\u00ba CMN) que reunir\u00e1 nos dias 12 a 15 de julho, em Palmas (TO), cerca de 600 pessoas de todas as regi\u00f5es do Brasil. O 3\u00ba CMN ter\u00e1 como tema &#8220;Discipulado mission\u00e1rio: do Brasil para um mundo secularizado e pluricultural \u00e0 luz do Vaticano II&#8221;. Segundo o diretor nacional das POM, padre Camilo Pauletti, durante a Assembleia do Comina ser\u00e3o apresentados alguns materiais do 3\u00ba CMN, entre eles, o site, onde ser\u00e3o publicadas todas as informa\u00e7\u00f5es e documentos oficiais do Congresso; o Instrumento de Trabalho, que \u00e9 o Texto-Base do Congresso, al\u00e9m do cartaz e a logomarca.<\/p>\n<p style=\"text-align: justify\"><strong>Congressos Mission\u00e1rios do Brasil<\/strong><\/p>\n<p style=\"text-align: justify\">A caminhada dos Congressos Mission\u00e1rios Nacionais chega \u00e0 sua terceira etapa. S\u00e3o pensados e realizados em prepara\u00e7\u00e3o aos Congressos Americano e Latino-Americano (CAM\/Comla) que dever\u00e3o ocorrer pela quarta e nova vez respectivamente, em 2013, em Maracaibo, Venezuela. &#8220;Os CMN prop\u00f5em-se como forte momento de reflex\u00e3o, anima\u00e7\u00e3o e articula\u00e7\u00e3o em torno da natureza mission\u00e1ria da Igreja e de suas tarefas evangelizadoras priorit\u00e1rias no mundo de hoje, com enfoque na miss\u00e3o ad gentes (al\u00e9m-fronteiras)&#8221;, comenta o secret\u00e1rio executivo do Centro Cultural Mission\u00e1rio (CCM), padre Est\u00eav\u00e3o Raschietti.<\/p>\n<p style=\"text-align: justify\">O 1\u00ba Congresso Mission\u00e1rio Nacional aconteceu em Belo Horizonte (MG) em julho de 2003, em prepara\u00e7\u00e3o ao CAM2\/Comla7, na Guatemala, e discutiu o tema &#8220;Igreja no Brasil, tua vida \u00e9 miss\u00e3o&#8221;. O 2\u00ba CMN, por sua vez, foi realizado em Aparecida (SP), em maio de 2008, com o tema &#8220;Do Brasil dos batizados ao Brasil de disc\u00edpulos-mission\u00e1rios sem fronteiras&#8221;. Esta etapa seguiu as orienta\u00e7\u00f5es da 5\u00aa Confer\u00eancia Episcopal da Am\u00e9rica Latina e Caribe, que aconteceu no ano anterior, de convocar as Igrejas do continente para assumir e operacionalizar a miss\u00e3o.<\/p>\n<p style=\"text-align: justify\"><strong>Assembleia do Comina<\/strong><\/p>\n<p style=\"text-align: justify\">A Assembleia do Comina, que acontece a cada dois anos, \u00e9 um momento de cultivar o conhecimento das diferentes realidades dos Conselhos Mission\u00e1rios Regionais (Comires), dos organismos e das institui\u00e7\u00f5es vinculadas ao Comina. &#8220;Iremos nesses tr\u00eas dias de encontro aprofundar o tema da identidade do Comina e dos Comires, proporcionar o aprofundamento de conte\u00fados da missiologia, avaliar a caminhada do Comina e projetar seu futuro, enfim, ajudar na caminhada mission\u00e1ria da Igreja no Brasil&#8221;, comentou o presidente do Comina, dom S\u00e9rgio Arthur Braschi.<\/p>\n<p style=\"text-align: justify\">Participam da Assembleia os bispos e assessores respons\u00e1veis da dimens\u00e3o mission\u00e1ria da Confer\u00eancia Nacional dos Bispos do Brasil (CNBB); o diretor e os secret\u00e1rios das Pontif\u00edcias Obras Mission\u00e1rias (POM) e o secret\u00e1rio executivo do Centro Cultural Mission\u00e1rio (CCM), a presidente da Confer\u00eancia dos Religiosos do Brasil (CRB), do Conselho Indigenista Mission\u00e1rio (CIMI) e da Pastoral dos Brasileiros no Exterior (PBE); os coordenadores dos Conselhos Mission\u00e1rios Regionais (Comires) e os representantes de institutos, associa\u00e7\u00f5es e imprensa mission\u00e1rios.<\/p>\n","protected":false},"excerpt":{"rendered":"<p>Neste fim de semana, dias 2 a 4 de mar\u00e7o, representantes das for\u00e7as mission\u00e1rias da Igreja Cat\u00f3lica no Brasil estar\u00e3o reunidas na sede nacional das Pontif\u00edcias Obras Mission\u00e1rias (POM), em Bras\u00edlia (DF), para a 29\u00aa Assembleia do Conselho Mission\u00e1rio Nacional (Comina), organismo cuja finalidade \u00e9 a anima\u00e7\u00e3o, a forma\u00e7\u00e3o, a organiza\u00e7\u00e3o e a coopera\u00e7\u00e3o mission\u00e1ria &hellip;<\/p>\n<p class=\"read-more\"> <a class=\"\" href=\"https:\/\/www.cnbb.org.br\/comina-lanca-material-do-3o-congresso-missionario-nacional\/\"> <span class=\"screen-reader-text\">Comina e POM lan\u00e7am material do 3\u00ba Congresso Mission\u00e1rio Nacional<\/span> Leia mais &raquo;<\/a><\/p>\n","protected":false},"author":83,"featured_media":19719,"comment_status":"open","ping_status":"open","sticky":false,"template":"","format":"standard","meta":{"site-sidebar-layout":"default","site-content-layout":"default","ast-global-header-display":"","ast-banner-title-visibility":"","ast-main-header-display":"","ast-hfb-above-header-display":"","ast-hfb-below-header-display":"","ast-hfb-mobile-header-display":"","site-post-title":"","ast-breadcrumbs-content":"","ast-featured-img":"","footer-sml-layout":"","theme-transparent-header-meta":"","adv-header-id-meta":"","stick-header-meta":"","header-above-stick-meta":"","header-main-stick-meta":"","header-below-stick-meta":""},"categories":[762,826],"tags":[],"acf":[],"_links":{"self":[{"href":"https:\/\/www.cnbb.org.br\/cnbb-app\/wp\/v2\/posts\/19718"}],"collection":[{"href":"https:\/\/www.cnbb.org.br\/cnbb-app\/wp\/v2\/posts"}],"about":[{"href":"https:\/\/www.cnbb.org.br\/cnbb-app\/wp\/v2\/types\/post"}],"author":[{"embeddable":true,"href":"https:\/\/www.cnbb.org.br\/cnbb-app\/wp\/v2\/users\/83"}],"replies":[{"embeddable":true,"href":"https:\/\/www.cnbb.org.br\/cnbb-app\/wp\/v2\/comments?post=19718"}],"version-history":[{"count":0,"href":"https:\/\/www.cnbb.org.br\/cnbb-app\/wp\/v2\/posts\/19718\/revisions"}],"wp:featuredmedia":[{"embeddable":true,"href":"https:\/\/www.cnbb.org.br\/cnbb-app\/wp\/v2\/media\/19719"}],"wp:attachment":[{"href":"https:\/\/www.cnbb.org.br\/cnbb-app\/wp\/v2\/media?parent=19718"}],"wp:term":[{"taxonomy":"category","embeddable":true,"href":"https:\/\/www.cnbb.org.br\/cnbb-app\/wp\/v2\/categories?post=19718"},{"taxonomy":"post_tag","embeddable":true,"href":"https:\/\/www.cnbb.org.br\/cnbb-app\/wp\/v2\/tags?post=19718"}],"curies":[{"name":"wp","href":"https:\/\/api.w.org\/{rel}","templated":true}]}}