{"id":19754,"date":"2016-06-02T00:00:00","date_gmt":"2016-06-02T03:00:00","guid":{"rendered":"https:\/\/www.cnbb.org.br\/diocese-de-estancia-se-celebra-4-jornada-nacional-da-infancia-e-adolescencia-missionaria\/"},"modified":"2016-06-02T00:00:00","modified_gmt":"2016-06-02T03:00:00","slug":"diocese-de-estancia-se-celebra-4-jornada-nacional-da-infancia-e-adolescencia-missionaria","status":"publish","type":"post","link":"https:\/\/www.cnbb.org.br\/diocese-de-estancia-se-celebra-4-jornada-nacional-da-infancia-e-adolescencia-missionaria\/","title":{"rendered":"Diocese de Est\u00e2ncia (SE) realiza 4\u00aa Jornada Nacional da Inf\u00e2ncia e Adolesc\u00eancia Mission\u00e1ria"},"content":{"rendered":"<p>Dom Giovani Crippa celebrou missa durante evento<\/p>\n<p>  <!--more-->  <\/p>\n<p style=\"text-align: justify\">A diocese de Est\u00e2ncia (SE), em parceria com os grupos da Inf\u00e2ncia e Adolesc\u00eancia Mission\u00e1ria (IAM), realizou\u00a0a 4\u00aa Jornada Nacional da IAM, no dia 29 de maio. Com o tema \u201cIAM do Brasil a servi\u00e7o da Miss\u00e3o na Europa\u201d, o evento\u00a0reuniu crian\u00e7as vindas das 21 par\u00f3quias que comp\u00f5em a diocese.<\/p>\n<p style=\"text-align: justify\">Celebrada pelo bispo diocesano, dom Giovani Crippa, e concelebrada pelos padres Ilmar Augusto e Gildeon Pereira, a missa deu a oportunidade de os jovens ofertarem seus cofrinhos para a\u00e7\u00f5es mission\u00e1rias no continente europeu.<\/p>\n<p style=\"text-align: justify\">De acordo com a coordenadora estadual da Juventude Mission\u00e1ria, Caroline Souza, acompanhar a prepara\u00e7\u00e3o das crian\u00e7as seguindo a tem\u00e1tica da Jornada deste ano, contribuiu bastante para aprofundar a responsabilidade com a miss\u00e3o.\u00a0\u201cDesde que soubemos que a Jornada se realizaria em nossa cidade, ficamos muito felizes. Contamos com a ajuda dos movimentos e pastorais de nossa par\u00f3quia, da Congrega\u00e7\u00e3o de Santa Terezinha e dos padres Gildeon e Vagner\u201d, afirma.<\/p>\n<p style=\"text-align: justify\">Com informa\u00e7\u00f5es e foto da diocese de Est\u00e2ncia<\/p>\n<p style=\"text-align: justify\">\u00a0<\/p>\n","protected":false},"excerpt":{"rendered":"<p>Dom Giovani Crippa celebrou missa durante evento<\/p>\n","protected":false},"author":83,"featured_media":19755,"comment_status":"open","ping_status":"open","sticky":false,"template":"","format":"standard","meta":{"site-sidebar-layout":"default","site-content-layout":"default","ast-global-header-display":"","ast-banner-title-visibility":"","ast-main-header-display":"","ast-hfb-above-header-display":"","ast-hfb-below-header-display":"","ast-hfb-mobile-header-display":"","site-post-title":"","ast-breadcrumbs-content":"","ast-featured-img":"","footer-sml-layout":"","theme-transparent-header-meta":"","adv-header-id-meta":"","stick-header-meta":"","header-above-stick-meta":"","header-main-stick-meta":"","header-below-stick-meta":""},"categories":[1],"tags":[],"acf":[],"_links":{"self":[{"href":"https:\/\/www.cnbb.org.br\/cnbb-app\/wp\/v2\/posts\/19754"}],"collection":[{"href":"https:\/\/www.cnbb.org.br\/cnbb-app\/wp\/v2\/posts"}],"about":[{"href":"https:\/\/www.cnbb.org.br\/cnbb-app\/wp\/v2\/types\/post"}],"author":[{"embeddable":true,"href":"https:\/\/www.cnbb.org.br\/cnbb-app\/wp\/v2\/users\/83"}],"replies":[{"embeddable":true,"href":"https:\/\/www.cnbb.org.br\/cnbb-app\/wp\/v2\/comments?post=19754"}],"version-history":[{"count":0,"href":"https:\/\/www.cnbb.org.br\/cnbb-app\/wp\/v2\/posts\/19754\/revisions"}],"wp:featuredmedia":[{"embeddable":true,"href":"https:\/\/www.cnbb.org.br\/cnbb-app\/wp\/v2\/media\/19755"}],"wp:attachment":[{"href":"https:\/\/www.cnbb.org.br\/cnbb-app\/wp\/v2\/media?parent=19754"}],"wp:term":[{"taxonomy":"category","embeddable":true,"href":"https:\/\/www.cnbb.org.br\/cnbb-app\/wp\/v2\/categories?post=19754"},{"taxonomy":"post_tag","embeddable":true,"href":"https:\/\/www.cnbb.org.br\/cnbb-app\/wp\/v2\/tags?post=19754"}],"curies":[{"name":"wp","href":"https:\/\/api.w.org\/{rel}","templated":true}]}}