{"id":19851,"date":"2009-06-03T00:00:00","date_gmt":"2009-06-03T03:00:00","guid":{"rendered":"https:\/\/www.cnbb.org.br\/nota-da-cnbb\/"},"modified":"2009-06-03T00:00:00","modified_gmt":"2009-06-03T03:00:00","slug":"nota-da-cnbb","status":"publish","type":"post","link":"https:\/\/www.cnbb.org.br\/nota-da-cnbb\/","title":{"rendered":"Nota da CNBB"},"content":{"rendered":"<p style=\"text-align: justify\">A Presid\u00eancia da Confer\u00eancia Nacional dos Bispos do Brasil &#8211; CNBB, reunida em Roma nestes dias, acompanha perplexa, como toda a sociedade brasileira, a not\u00edcia da menina de nove anos que, em Pernambuco, h\u00e1 tr\u00eas anos vinha sofrendo viol\u00eancia sexual por parte de seu padrasto, tendo sido por ele estuprada, do que resultou uma gravidez de g\u00eameos. Repudiamos veementemente este ato insano e defendemos a rigorosa apura\u00e7\u00e3o dos fatos, e que o culpado seja devidamente punido, de acordo com a justi\u00e7a.<\/p>\n<p>  <!--more-->  <\/p>\n<p style=\"text-align: justify\">Lamentamos que este n\u00e3o seja um caso isolado. Preocupa-nos o crescente n\u00famero de atentados \u00e0 vida de crian\u00e7as, v\u00edtimas de abuso sexual. Neste contexto, a Igreja se faz solid\u00e1ria com esta e com todas as crian\u00e7as v\u00edtimas de tamanha brutalidade, bem como com suas fam\u00edlias.<\/p>\n<p style=\"text-align: justify\">A Igreja, em fidelidade ao Evangelho, se coloca sempre a favor da vida, numa condena\u00e7\u00e3o inequ\u00edvoca de toda viol\u00eancia que fere a dignidade da pessoa humana.<\/p>\n<p style=\"text-align: justify\">Os bispos do Regional Nordeste 2 da CNBB acabam de se manifestar sobre esse doloroso acontecimento. Assumimos seu pronunciamento e com eles reafirmamos: \u201cdiante da complexidade do caso, lamentamos que n\u00e3o tenha sido enfrentado com a serenidade, tranq\u00fcilidade e o tempo necess\u00e1rio que a situa\u00e7\u00e3o exigia. Al\u00e9m disso, n\u00e3o concordamos com o desfecho final de eliminar a vida de seres humanos indefesos\u201d.<\/p>\n<p style=\"text-align: right\">Roma, 06 de mar\u00e7o de 2009<\/p>\n<p style=\"text-align: center\">Dom Geraldo Lyrio Rocha<br \/> Arcebispo de Mariana<br \/>Presidente da CNBB<\/p>\n<p>Dom Luiz Soares Vieira<br \/>Arcebispo de Manaus<br \/>Vice-Presidente da CNBB<\/p>\n<p>Dom Dimas Lara Barbosa<br \/>Bispo Auxiliar do Rio de Janeiro<br \/>Secret\u00e1rio Geral da CNBB<\/p>\n","protected":false},"excerpt":{"rendered":"<p>A Presid\u00eancia da Confer\u00eancia Nacional dos Bispos do Brasil &#8211; CNBB, reunida em Roma nestes dias, acompanha perplexa, como toda a sociedade brasileira, a not\u00edcia da menina de nove anos que, em Pernambuco, h\u00e1 tr\u00eas anos vinha sofrendo viol\u00eancia sexual por parte de seu padrasto, tendo sido por ele estuprada, do que resultou uma gravidez &hellip;<\/p>\n<p class=\"read-more\"> <a class=\"\" href=\"https:\/\/www.cnbb.org.br\/nota-da-cnbb\/\"> <span class=\"screen-reader-text\">Nota da CNBB<\/span> Leia mais &raquo;<\/a><\/p>\n","protected":false},"author":83,"featured_media":0,"comment_status":"open","ping_status":"open","sticky":false,"template":"","format":"standard","meta":{"site-sidebar-layout":"default","site-content-layout":"default","ast-global-header-display":"","ast-banner-title-visibility":"","ast-main-header-display":"","ast-hfb-above-header-display":"","ast-hfb-below-header-display":"","ast-hfb-mobile-header-display":"","site-post-title":"","ast-breadcrumbs-content":"","ast-featured-img":"","footer-sml-layout":"","theme-transparent-header-meta":"","adv-header-id-meta":"","stick-header-meta":"","header-above-stick-meta":"","header-main-stick-meta":"","header-below-stick-meta":""},"categories":[783],"tags":[],"acf":[],"_links":{"self":[{"href":"https:\/\/www.cnbb.org.br\/cnbb-app\/wp\/v2\/posts\/19851"}],"collection":[{"href":"https:\/\/www.cnbb.org.br\/cnbb-app\/wp\/v2\/posts"}],"about":[{"href":"https:\/\/www.cnbb.org.br\/cnbb-app\/wp\/v2\/types\/post"}],"author":[{"embeddable":true,"href":"https:\/\/www.cnbb.org.br\/cnbb-app\/wp\/v2\/users\/83"}],"replies":[{"embeddable":true,"href":"https:\/\/www.cnbb.org.br\/cnbb-app\/wp\/v2\/comments?post=19851"}],"version-history":[{"count":0,"href":"https:\/\/www.cnbb.org.br\/cnbb-app\/wp\/v2\/posts\/19851\/revisions"}],"wp:attachment":[{"href":"https:\/\/www.cnbb.org.br\/cnbb-app\/wp\/v2\/media?parent=19851"}],"wp:term":[{"taxonomy":"category","embeddable":true,"href":"https:\/\/www.cnbb.org.br\/cnbb-app\/wp\/v2\/categories?post=19851"},{"taxonomy":"post_tag","embeddable":true,"href":"https:\/\/www.cnbb.org.br\/cnbb-app\/wp\/v2\/tags?post=19851"}],"curies":[{"name":"wp","href":"https:\/\/api.w.org\/{rel}","templated":true}]}}