{"id":19896,"date":"2012-02-08T00:00:00","date_gmt":"2012-02-08T02:00:00","guid":{"rendered":"https:\/\/www.cnbb.org.br\/lancado-a-logomarca-oficial-da-jmj-rio2013\/"},"modified":"2012-02-08T00:00:00","modified_gmt":"2012-02-08T02:00:00","slug":"lancado-a-logomarca-oficial-da-jmj-rio2013","status":"publish","type":"post","link":"https:\/\/www.cnbb.org.br\/lancado-a-logomarca-oficial-da-jmj-rio2013\/","title":{"rendered":"Lan\u00e7ada a logomarca oficial da JMJ Rio2013"},"content":{"rendered":"<p style=\"text-align: justify\">Na noite dessa ter\u00e7a-feira, 7 de fevereiro, foi lan\u00e7ada a logomarca oficial da pr\u00f3xima Jornada Mundial da Juventude. O evento contou com a presen\u00e7a de padres, bispos, leigos, autoridades do estado, inclusive, com o Governador do Rio, S\u00e9rgio Cabral. Dom Orani, arcebispo do Rio de Janeiro, falou a respeito do processo de sele\u00e7\u00e3o e da import\u00e2ncia de se levar um evento como a JMJ para o Brasil e, especialmente, para a cidade carioca. O design da marca \u00e9 alegre, colorido e possui as cores do Brasil. A JMJ 2013 ser\u00e1 realizada de 23 a 28 de julho de 2013, na capital fluminense, e atrair\u00e1 jovens de todo o mundo para o encontro com o Papa Bento XVI.<\/p>\n<p><!--more--><\/p>\n<p style=\"text-align: justify\">O lan\u00e7amento contou com a presen\u00e7a do governador do Rio de Janeiro, Sergio Cabral, do prefeito da cidade, Eduardo Paes, do presidente da Confer\u00eancia Nacional dos Bispos do Brasil (CNBB), Cardeal Dom Raymundo Damasceno, do secret\u00e1rio da Congrega\u00e7\u00e3o para os Bispos no Vaticano, Dom Lorenzo Baldisseri, e de cerca de 100 bispos do Brasil e exterior, al\u00e9m de diversas autoridades e representantes da sociedade.<\/p>\n<p style=\"text-align: justify\">O diretor geral da Promocat Marketing Integrado e respons\u00e1vel pelas negocia\u00e7\u00f5es com a CNBB \u2013 Confer\u00eancia Nacional dos Bispos do Brasil e com a Arquidiocese do Rio de Janeiro para a realiza\u00e7\u00e3o da feira ExpoCat\u00f3lica como evento oficial da JMJ 2013, F\u00e1bio Castro, elogiou a logo selecionada por possuir tecnicamente todos os elementos necess\u00e1rios para que a logomarca componha de forma eficaz a identidade visual do evento. \u201cFoi uma escolha assertiva, uma logotipia leve, com tra\u00e7os suaves e, ao mesmo tempo, modernos\u201d, disse.<\/p>\n<p style=\"text-align: justify\">Na logomarca foi utilizada a imagem do Cristo Redentor juntamente com as cores da bandeira nacional. \u201cN\u00e3o poderiam deixar de fora o maior s\u00edmbolo da Brasil que tamb\u00e9m \u00e9 cat\u00f3lico e da Igreja Cat\u00f3lica\u201d. Na marca h\u00e1 o detalhe do cora\u00e7\u00e3o, que remete imediatamente ao cora\u00e7\u00e3o de Cristo, acolhedor e gratuito, simples e direto. \u201c\u00c9 uma marca que traz em si v\u00e1rias mensagens crist\u00e3s, basta um olhar amplo\u201d concluiu Castro.<\/p>\n<p style=\"text-align: justify\">A JMJ, em 2013, deve trazer ao pa\u00eds, de acordo com o Minist\u00e9rio do Turismo, entre 1,5 milh\u00e3o e dois milh\u00f5es de turistas, de mais de 170 pa\u00edses. &#8220;Jovens de todos os continentes v\u00e3o vir para o Rio de Janeiro. Ser\u00e1 um evento marcante e o Governo do Estado vai trabalhar para que a nossa Jornada seja a melhor da hist\u00f3ria&#8221;, disse o governador<br \/>\nS\u00e9rgio Cabral.<\/p>\n<p>O prefeito da cidade do Rio de Janeiro Eduardo Paes acredita que o encontro aquecer\u00e1 a economia da regi\u00e3o. &#8220;A cidade tem a oportunidade de fazer uma das melhores Jornadas de todos os tempos. Temos a chance de aquecer nossa economia e aumentar os n\u00fameros do nosso turismo\u201d, afirmou.<\/p>\n<p style=\"text-align: justify\">A \u00faltima JMJ teve Madri como sede, e foi beneficiada com mais de 354 milh\u00f5es de euros. A comunidade de Madrid estimou que a JMJ gerou um incremento de 147 milh\u00f5es de euros no Produto Interno Bruto da localidade. &#8220;Quando estive em Madri fiquei maravilhado com tudo que aconteceu l\u00e1. O evento tem um padr\u00e3o diferenciado, a cidade estava lotada.&#8221;, lembrou Eduardo Paes.<\/p>\n<p><strong>O processo de sele\u00e7\u00e3o<\/strong><\/p>\n<p>Para selecionar a logomarca foi lan\u00e7ado no dia 27 de setembro de 2011 com o edital do concurso para escolher o s\u00edmbolo da JMJ. Mais de 200 trabalhos enviados de todas as partes do mundo chegaram ao Comit\u00ea Organizador Local (COL) e demonstraram, al\u00e9m de criatividade e t\u00e9cnica, a for\u00e7a da f\u00e9 e da alegria da juventude cat\u00f3lica. No dia 31 de outubro, come\u00e7ou o processo de sele\u00e7\u00e3o. As logomarcas foram avaliadas por um grupo de designers, por uma comiss\u00e3o do Setor Juventude e tamb\u00e9m pelos setores pastoral e presid\u00eancia do COL. Em 13 de dezembro duas logos finalistas foram apresentadas ao Pontif\u00edcio Conselho para os Leigos (PCL), em Roma, que escolheu a vencedora em comum acordo com os representantes do Comit\u00ea Organizador Local.<\/p>\n","protected":false},"excerpt":{"rendered":"<p>Na noite dessa ter\u00e7a-feira, 7 de fevereiro, foi lan\u00e7ada a logomarca oficial da pr\u00f3xima Jornada Mundial da Juventude. O evento contou com a presen\u00e7a de padres, bispos, leigos, autoridades do estado, inclusive, com o Governador do Rio, S\u00e9rgio Cabral. Dom Orani, arcebispo do Rio de Janeiro, falou a respeito do processo de sele\u00e7\u00e3o e da &hellip;<\/p>\n<p class=\"read-more\"> <a class=\"\" href=\"https:\/\/www.cnbb.org.br\/lancado-a-logomarca-oficial-da-jmj-rio2013\/\"> <span class=\"screen-reader-text\">Lan\u00e7ada a logomarca oficial da JMJ Rio2013<\/span> Leia mais &raquo;<\/a><\/p>\n","protected":false},"author":83,"featured_media":19897,"comment_status":"open","ping_status":"open","sticky":false,"template":"","format":"standard","meta":{"site-sidebar-layout":"default","site-content-layout":"default","ast-global-header-display":"","ast-banner-title-visibility":"","ast-main-header-display":"","ast-hfb-above-header-display":"","ast-hfb-below-header-display":"","ast-hfb-mobile-header-display":"","site-post-title":"","ast-breadcrumbs-content":"","ast-featured-img":"","footer-sml-layout":"","theme-transparent-header-meta":"","adv-header-id-meta":"","stick-header-meta":"","header-above-stick-meta":"","header-main-stick-meta":"","header-below-stick-meta":""},"categories":[783],"tags":[],"acf":[],"_links":{"self":[{"href":"https:\/\/www.cnbb.org.br\/cnbb-app\/wp\/v2\/posts\/19896"}],"collection":[{"href":"https:\/\/www.cnbb.org.br\/cnbb-app\/wp\/v2\/posts"}],"about":[{"href":"https:\/\/www.cnbb.org.br\/cnbb-app\/wp\/v2\/types\/post"}],"author":[{"embeddable":true,"href":"https:\/\/www.cnbb.org.br\/cnbb-app\/wp\/v2\/users\/83"}],"replies":[{"embeddable":true,"href":"https:\/\/www.cnbb.org.br\/cnbb-app\/wp\/v2\/comments?post=19896"}],"version-history":[{"count":0,"href":"https:\/\/www.cnbb.org.br\/cnbb-app\/wp\/v2\/posts\/19896\/revisions"}],"wp:featuredmedia":[{"embeddable":true,"href":"https:\/\/www.cnbb.org.br\/cnbb-app\/wp\/v2\/media\/19897"}],"wp:attachment":[{"href":"https:\/\/www.cnbb.org.br\/cnbb-app\/wp\/v2\/media?parent=19896"}],"wp:term":[{"taxonomy":"category","embeddable":true,"href":"https:\/\/www.cnbb.org.br\/cnbb-app\/wp\/v2\/categories?post=19896"},{"taxonomy":"post_tag","embeddable":true,"href":"https:\/\/www.cnbb.org.br\/cnbb-app\/wp\/v2\/tags?post=19896"}],"curies":[{"name":"wp","href":"https:\/\/api.w.org\/{rel}","templated":true}]}}