{"id":19899,"date":"2012-04-13T00:00:00","date_gmt":"2012-04-13T03:00:00","guid":{"rendered":"https:\/\/www.cnbb.org.br\/qlegalizar-o-aborto-de-fetos-com-anencefalia-erroneamente-diagnosticados-como-mortos-cerebrais-e-descartar-um-ser-humano-fragil-e-indefesoq-afirma-nota-da-cnbb\/"},"modified":"2012-04-13T00:00:00","modified_gmt":"2012-04-13T03:00:00","slug":"qlegalizar-o-aborto-de-fetos-com-anencefalia-erroneamente-diagnosticados-como-mortos-cerebrais-e-descartar-um-ser-humano-fragil-e-indefesoq-afirma-nota-da-cnbb","status":"publish","type":"post","link":"https:\/\/www.cnbb.org.br\/qlegalizar-o-aborto-de-fetos-com-anencefalia-erroneamente-diagnosticados-como-mortos-cerebrais-e-descartar-um-ser-humano-fragil-e-indefesoq-afirma-nota-da-cnbb\/","title":{"rendered":"&#8220;Legalizar o aborto de fetos com anencefalia, erroneamente diagnosticados como mortos cerebrais, \u00e9 descartar um ser humano fr\u00e1gil e indefeso&#8221;, afirma Nota da CNBB"},"content":{"rendered":"<p style=\"text-align: justify\">A Confer\u00eancia Nacional dos bispos do Brasil, logo ap\u00f3s a conclus\u00e3o do julgamento do Supremo Tribunal Federal sobre a Argui\u00e7\u00e3o de Descumprimento de Preceito Fundamental n\u00ba 54, emitiu nota oficial\u00a0 lamentando a decis\u00e3o. No texto, os bispos afirmam que &#8220;Legalizar o aborto de fetos com anencefalia, erroneamente diagnosticados como mortos cerebrais, \u00e9 descartar um ser humano fr\u00e1gil e indefeso&#8221;.<\/p>\n<p>  <!--more-->  <\/p>\n<p>Leia a integra da Nota:<\/p>\n<p style=\"text-align: center\"><strong>Nota da CNBB sobre o aborto de Feto \u201cAnencef\u00e1lico\u201d<\/strong><\/p>\n<p style=\"text-align: center\"><strong>Referente ao julgamento do Supremo Tribunal Federal sobre a Argui\u00e7\u00e3o de Descumprimento de Preceito Fundamental n\u00ba 54<\/strong><\/p>\n<p>\u00a0<\/p>\n<p style=\"text-align: justify\">A Confer\u00eancia Nacional dos Bispos do Brasil \u2013 CNBB lamenta profundamente a decis\u00e3o do Supremo Tribunal Federal que descriminalizou o aborto de feto com anencefalia ao julgar favor\u00e1vel a Argui\u00e7\u00e3o de Descumprimento de Preceito Fundamental n. 54. Com esta decis\u00e3o, a Suprema Corte parece n\u00e3o ter levado em conta a prerrogativa do Congresso Nacional cuja responsabilidade \u00faltima \u00e9 legislar.<\/p>\n<div style=\"text-align: justify\"><\/div>\n<p style=\"text-align: justify\">Os princ\u00edpios da \u201cinviolabilidade do direito \u00e0 vida\u201d, da \u201cdignidade da pessoa humana\u201d e da promo\u00e7\u00e3o do bem de todos, sem qualquer forma de discrimina\u00e7\u00e3o (cf. art. 5\u00b0, caput; 1\u00b0, III e 3\u00b0, IV, Constitui\u00e7\u00e3o Federal), referem-se tanto \u00e0 mulher quanto aos fetos anencef\u00e1licos. Quando a vida n\u00e3o \u00e9 respeitada, todos os outros direitos s\u00e3o menosprezados, e rompem-se as rela\u00e7\u00f5es mais profundas.<\/p>\n<div style=\"text-align: justify\"><\/div>\n<p style=\"text-align: justify\">Legalizar o aborto de fetos com anencefalia, erroneamente diagnosticados como mortos cerebrais, \u00e9 descartar um ser humano fr\u00e1gil e indefeso. A \u00e9tica que pro\u00edbe a elimina\u00e7\u00e3o de um ser humano inocente, n\u00e3o aceita exce\u00e7\u00f5es. Os fetos anencef\u00e1licos, como todos os seres inocentes e fr\u00e1geis, n\u00e3o podem ser descartados e nem ter seus direitos fundamentais vilipendiados!<\/p>\n<div style=\"text-align: justify\"><\/div>\n<p style=\"text-align: justify\">A gesta\u00e7\u00e3o de uma crian\u00e7a com anencefalia \u00e9 um drama para a fam\u00edlia, especialmente para a m\u00e3e. Considerar que o aborto \u00e9 a melhor op\u00e7\u00e3o para a mulher, al\u00e9m de negar o direito inviol\u00e1vel do nascituro, ignora as consequ\u00eancias psicol\u00f3gicas negativas para a m\u00e3e.\u00a0\u00a0 Estado e a sociedade devem oferecer \u00e0 gestante amparo e prote\u00e7\u00e3o<\/p>\n<div style=\"text-align: justify\"><\/div>\n<p style=\"text-align: justify\">Ao defender o direito \u00e0 vida dos anencef\u00e1licos, a Igreja se fundamenta numa vis\u00e3o antropol\u00f3gica do ser humano, baseando-se em argumentos teol\u00f3gicos \u00e9ticos, cient\u00edficos e jur\u00eddicos. Exclui-se, portanto, qualquer argumenta\u00e7\u00e3o que afirme tratar-se de inger\u00eancia da religi\u00e3o no Estado laico. A participa\u00e7\u00e3o efetiva na defesa e na promo\u00e7\u00e3o da dignidade e liberdade humanas deve ser legitimamente assegurada tamb\u00e9m \u00e0 Igreja.<\/p>\n<div style=\"text-align: justify\"><\/div>\n<p style=\"text-align: justify\">A P\u00e1scoa de Jesus que comemora a vit\u00f3ria da vida sobre a morte, nos inspira a reafirmar com convic\u00e7\u00e3o que a vida humana \u00e9 sagrada e sua dignidade inviol\u00e1vel.<\/p>\n<div style=\"text-align: justify\"><\/div>\n<p style=\"text-align: justify\">Nossa Senhora Aparecida, Padroeira do Brasil, nos ajude em nossa miss\u00e3o de fazer ecoar a Palavra de Deus: \u201cEscolhe, pois, a vida\u201d (<em>Dt<\/em> 30,19).<\/p>\n<p>\u00a0<\/p>\n<p style=\"text-align: center\">Cardeal Raymundo Damasceno Assis<\/p>\n<p style=\"text-align: center\">Arcebispo de Aparecida<\/p>\n<p style=\"text-align: center\">Presidente da CNBB<\/p>\n<p>\u00a0<\/p>\n<p style=\"text-align: center\">Leonardo Ulrich Steiner<\/p>\n<p style=\"text-align: center\">Bispo Auxiliar de Bras\u00edlia<\/p>\n<p style=\"text-align: center\">Secret\u00e1rio Geral da CNBB<\/p>\n<p>\u00a0<\/p>\n","protected":false},"excerpt":{"rendered":"<p>A Confer\u00eancia Nacional dos bispos do Brasil, logo ap\u00f3s a conclus\u00e3o do julgamento do Supremo Tribunal Federal sobre a Argui\u00e7\u00e3o de Descumprimento de Preceito Fundamental n\u00ba 54, emitiu nota oficial\u00a0 lamentando a decis\u00e3o. No texto, os bispos afirmam que &#8220;Legalizar o aborto de fetos com anencefalia, erroneamente diagnosticados como mortos cerebrais, \u00e9 descartar um ser &hellip;<\/p>\n<p class=\"read-more\"> <a class=\"\" href=\"https:\/\/www.cnbb.org.br\/qlegalizar-o-aborto-de-fetos-com-anencefalia-erroneamente-diagnosticados-como-mortos-cerebrais-e-descartar-um-ser-humano-fragil-e-indefesoq-afirma-nota-da-cnbb\/\"> <span class=\"screen-reader-text\">&#8220;Legalizar o aborto de fetos com anencefalia, erroneamente diagnosticados como mortos cerebrais, \u00e9 descartar um ser humano fr\u00e1gil e indefeso&#8221;, afirma Nota da CNBB<\/span> Leia mais &raquo;<\/a><\/p>\n","protected":false},"author":83,"featured_media":19900,"comment_status":"open","ping_status":"open","sticky":false,"template":"","format":"standard","meta":{"site-sidebar-layout":"default","site-content-layout":"default","ast-global-header-display":"","ast-banner-title-visibility":"","ast-main-header-display":"","ast-hfb-above-header-display":"","ast-hfb-below-header-display":"","ast-hfb-mobile-header-display":"","site-post-title":"","ast-breadcrumbs-content":"","ast-featured-img":"","footer-sml-layout":"","theme-transparent-header-meta":"","adv-header-id-meta":"","stick-header-meta":"","header-above-stick-meta":"","header-main-stick-meta":"","header-below-stick-meta":""},"categories":[783],"tags":[],"acf":[],"_links":{"self":[{"href":"https:\/\/www.cnbb.org.br\/cnbb-app\/wp\/v2\/posts\/19899"}],"collection":[{"href":"https:\/\/www.cnbb.org.br\/cnbb-app\/wp\/v2\/posts"}],"about":[{"href":"https:\/\/www.cnbb.org.br\/cnbb-app\/wp\/v2\/types\/post"}],"author":[{"embeddable":true,"href":"https:\/\/www.cnbb.org.br\/cnbb-app\/wp\/v2\/users\/83"}],"replies":[{"embeddable":true,"href":"https:\/\/www.cnbb.org.br\/cnbb-app\/wp\/v2\/comments?post=19899"}],"version-history":[{"count":0,"href":"https:\/\/www.cnbb.org.br\/cnbb-app\/wp\/v2\/posts\/19899\/revisions"}],"wp:featuredmedia":[{"embeddable":true,"href":"https:\/\/www.cnbb.org.br\/cnbb-app\/wp\/v2\/media\/19900"}],"wp:attachment":[{"href":"https:\/\/www.cnbb.org.br\/cnbb-app\/wp\/v2\/media?parent=19899"}],"wp:term":[{"taxonomy":"category","embeddable":true,"href":"https:\/\/www.cnbb.org.br\/cnbb-app\/wp\/v2\/categories?post=19899"},{"taxonomy":"post_tag","embeddable":true,"href":"https:\/\/www.cnbb.org.br\/cnbb-app\/wp\/v2\/tags?post=19899"}],"curies":[{"name":"wp","href":"https:\/\/api.w.org\/{rel}","templated":true}]}}